{"id":5375,"date":"2026-01-30T19:24:26","date_gmt":"2026-01-30T22:24:26","guid":{"rendered":"https:\/\/vozdeloeste.com\/?p=5375"},"modified":"2026-01-30T19:24:27","modified_gmt":"2026-01-30T22:24:27","slug":"interna-en-el-pj-jujuy-suspension-a-la-senadora-moises","status":"publish","type":"post","link":"https:\/\/vozdeloeste.com\/index.php\/2026\/01\/30\/interna-en-el-pj-jujuy-suspension-a-la-senadora-moises\/","title":{"rendered":"INTERNA EN EL PJ JUJUY: SUSPENSI\u00d3N A LA SENADORA MOIS\u00c9S"},"content":{"rendered":"\n<p>La resoluci\u00f3n cuestiona posiciones p\u00fablicas y votaciones de la senadora en el Senado nacional que la alinearon con el gobierno de Javier Milei, en abierta contradicci\u00f3n con las resoluciones partidarias y con el rol opositor definido por el justicialismo. Desde la conducci\u00f3n del PJ se se\u00f1al\u00f3 que ese accionar constituy\u00f3 un comportamiento objetivamente contrario a los intereses pol\u00edticos del partido.<\/p>\n\n\n\n<p>La medida contra Mois\u00e9s se inscribe en un cuadro m\u00e1s amplio de sanciones: la intervenci\u00f3n dispuso adem\u00e1s la suspensi\u00f3n de m\u00e1s de 200 afiliados por conductas consideradas incompatibles con la pertenencia partidaria. Entre ellos figura Guillermo Ra\u00fal Jenefes, el poderoso due\u00f1o de un multimedio juje\u00f1o, a quien se le atribuye haber llevado adelante una campa\u00f1a p\u00fablica y permanente de desprestigio contra los candidatos del Partido Justicialista en las \u00faltimas elecciones provinciales y nacionales.<\/p>\n\n\n\n<p>Tambi\u00e9n fue suspendido Rub\u00e9n Armando Rivarola, un poderoso empresario con v\u00ednculos con el gobierno provincial, acusado de haber promovido y acompa\u00f1ado una lista electoral enfrentada al PJ en la \u00faltima elecci\u00f3n nacional.<\/p>\n\n\n\n<p>Asimismo, la Resoluci\u00f3n N.\u00ba 2\/2026 de la intervenci\u00f3n del PJ Jujuy dispuso la ca\u00edda del proceso electoral interno que se encontraba en curso, invocando razones de gravedad institucional, y estableci\u00f3 la convocatoria a una nueva elecci\u00f3n interna prevista para el mes de abril de 2026, en el marco del proceso de normalizaci\u00f3n partidaria.<\/p>\n\n\n\n<p>Desde la intervenci\u00f3n se\u00f1alaron que el conjunto de las medidas adoptadas apunta a preservar la coherencia pol\u00edtica, la identidad partidaria y el funcionamiento institucional del justicialismo juje\u00f1o.<\/p>\n","protected":false},"excerpt":{"rendered":"<p>La resoluci\u00f3n cuestiona posiciones p\u00fablicas y votaciones de la senadora en el Senado nacional que [&hellip;]<\/p>\n","protected":false},"author":1,"featured_media":5376,"comment_status":"closed","ping_status":"closed","sticky":false,"template":"","format":"standard","meta":{"footnotes":""},"categories":[68],"tags":[421,423,298,422],"class_list":["post-5375","post","type-post","status-publish","format-standard","has-post-thumbnail","hentry","category-politica-nacional","tag-carolina-moises","tag-pj-de-jujuy","tag-politica","tag-suspendida"],"aioseo_notices":[],"_links":{"self":[{"href":"https:\/\/vozdeloeste.com\/index.php\/wp-json\/wp\/v2\/posts\/5375","targetHints":{"allow":["GET"]}}],"collection":[{"href":"https:\/\/vozdeloeste.com\/index.php\/wp-json\/wp\/v2\/posts"}],"about":[{"href":"https:\/\/vozdeloeste.com\/index.php\/wp-json\/wp\/v2\/types\/post"}],"author":[{"embeddable":true,"href":"https:\/\/vozdeloeste.com\/index.php\/wp-json\/wp\/v2\/users\/1"}],"replies":[{"embeddable":true,"href":"https:\/\/vozdeloeste.com\/index.php\/wp-json\/wp\/v2\/comments?post=5375"}],"version-history":[{"count":1,"href":"https:\/\/vozdeloeste.com\/index.php\/wp-json\/wp\/v2\/posts\/5375\/revisions"}],"predecessor-version":[{"id":5377,"href":"https:\/\/vozdeloeste.com\/index.php\/wp-json\/wp\/v2\/posts\/5375\/revisions\/5377"}],"wp:featuredmedia":[{"embeddable":true,"href":"https:\/\/vozdeloeste.com\/index.php\/wp-json\/wp\/v2\/media\/5376"}],"wp:attachment":[{"href":"https:\/\/vozdeloeste.com\/index.php\/wp-json\/wp\/v2\/media?parent=5375"}],"wp:term":[{"taxonomy":"category","embeddable":true,"href":"https:\/\/vozdeloeste.com\/index.php\/wp-json\/wp\/v2\/categories?post=5375"},{"taxonomy":"post_tag","embeddable":true,"href":"https:\/\/vozdeloeste.com\/index.php\/wp-json\/wp\/v2\/tags?post=5375"}],"curies":[{"name":"wp","href":"https:\/\/api.w.org\/{rel}","templated":true}]}}