{"id":5372,"date":"2026-01-28T10:25:31","date_gmt":"2026-01-28T13:25:31","guid":{"rendered":"https:\/\/vozdeloeste.com\/?p=5372"},"modified":"2026-01-28T10:25:32","modified_gmt":"2026-01-28T13:25:32","slug":"mariel-fernandez-superviso-las-colonias-municipales-de-verano-en-moreno","status":"publish","type":"post","link":"https:\/\/vozdeloeste.com\/index.php\/2026\/01\/28\/mariel-fernandez-superviso-las-colonias-municipales-de-verano-en-moreno\/","title":{"rendered":"MARIEL FERN\u00c1NDEZ SUPERVIS\u00d3 LAS COLONIAS MUNICIPALES DE VERANO EN MORENO"},"content":{"rendered":"\n<p>La intendenta de Moreno, Mariel Fern\u00e1ndez, recorri\u00f3 distintas sedes de las Colonias Municipales de Verano, una iniciativa gratuita del Municipio destinada a ni\u00f1as y ni\u00f1os, personas mayores, personas con discapacidad y promotoras territoriales de g\u00e9nero \u201cMicaela Garc\u00eda\u201d. Durante la visita, acompa\u00f1\u00f3 las actividades culturales, deportivas y recreativas que se desarrollan en estos espacios pensados para el encuentro y la inclusi\u00f3n comunitaria.<br><br>Las actividades funcionan en la Reserva Natural Municipal Los Robles, el Club Defensores de Moreno, el Sindicato del Viajante y los Polideportivos Catonas, Paso del Rey y Diego Armando Maradona (DAM) en Cuartel V. All\u00ed, las y los asistentes disfrutan no solo de las piletas tradicionales sino tambi\u00e9n de la nueva pileta con olas del DAM, uno de los atractivos destacados de esta temporada.<\/p>\n\n\n\n<p>Desde el Municipio se\u00f1alaron que las colonias se desarrollan en entornos seguros y de calidad, con supervisi\u00f3n de profesoras y profesores especializados, adem\u00e1s de la presencia permanente de equipos de salud y guardavidas.<\/p>\n\n\n\n<p>Con estas propuestas, el Gobierno local busca fortalecer pol\u00edticas p\u00fablicas orientadas a la inclusi\u00f3n, el cuidado y la promoci\u00f3n de derechos, garantizando espacios de recreaci\u00f3n y encuentro comunitario para vecinas y vecinos durante el verano.<\/p>\n","protected":false},"excerpt":{"rendered":"<p>La intendenta de Moreno, Mariel Fern\u00e1ndez, recorri\u00f3 distintas sedes de las Colonias Municipales de Verano, [&hellip;]<\/p>\n","protected":false},"author":1,"featured_media":5373,"comment_status":"closed","ping_status":"closed","sticky":false,"template":"","format":"standard","meta":{"footnotes":""},"categories":[43],"tags":[420,370,104],"class_list":["post-5372","post","type-post","status-publish","format-standard","has-post-thumbnail","hentry","category-sociedad-nacional","tag-colonias-de-verano","tag-mariel-fernandez","tag-moreno"],"aioseo_notices":[],"_links":{"self":[{"href":"https:\/\/vozdeloeste.com\/index.php\/wp-json\/wp\/v2\/posts\/5372","targetHints":{"allow":["GET"]}}],"collection":[{"href":"https:\/\/vozdeloeste.com\/index.php\/wp-json\/wp\/v2\/posts"}],"about":[{"href":"https:\/\/vozdeloeste.com\/index.php\/wp-json\/wp\/v2\/types\/post"}],"author":[{"embeddable":true,"href":"https:\/\/vozdeloeste.com\/index.php\/wp-json\/wp\/v2\/users\/1"}],"replies":[{"embeddable":true,"href":"https:\/\/vozdeloeste.com\/index.php\/wp-json\/wp\/v2\/comments?post=5372"}],"version-history":[{"count":1,"href":"https:\/\/vozdeloeste.com\/index.php\/wp-json\/wp\/v2\/posts\/5372\/revisions"}],"predecessor-version":[{"id":5374,"href":"https:\/\/vozdeloeste.com\/index.php\/wp-json\/wp\/v2\/posts\/5372\/revisions\/5374"}],"wp:featuredmedia":[{"embeddable":true,"href":"https:\/\/vozdeloeste.com\/index.php\/wp-json\/wp\/v2\/media\/5373"}],"wp:attachment":[{"href":"https:\/\/vozdeloeste.com\/index.php\/wp-json\/wp\/v2\/media?parent=5372"}],"wp:term":[{"taxonomy":"category","embeddable":true,"href":"https:\/\/vozdeloeste.com\/index.php\/wp-json\/wp\/v2\/categories?post=5372"},{"taxonomy":"post_tag","embeddable":true,"href":"https:\/\/vozdeloeste.com\/index.php\/wp-json\/wp\/v2\/tags?post=5372"}],"curies":[{"name":"wp","href":"https:\/\/api.w.org\/{rel}","templated":true}]}}