{"id":5363,"date":"2026-01-20T10:44:04","date_gmt":"2026-01-20T13:44:04","guid":{"rendered":"https:\/\/vozdeloeste.com\/?p=5363"},"modified":"2026-01-20T10:44:05","modified_gmt":"2026-01-20T13:44:05","slug":"conflicto-libertario-en-ituzaingo-por-cambios-en-el-hospital-del-bicentenario","status":"publish","type":"post","link":"https:\/\/vozdeloeste.com\/index.php\/2026\/01\/20\/conflicto-libertario-en-ituzaingo-por-cambios-en-el-hospital-del-bicentenario\/","title":{"rendered":"CONFLICTO LIBERTARIO EN ITUZAING\u00d3 POR CAMBIOS EN EL HOSPITAL DEL BICENTENARIO"},"content":{"rendered":"\n<p>La remoci\u00f3n de Santiago Cerneaz del Hospital del Bicentenario de Ituzaing\u00f3 gener\u00f3 un conflicto pol\u00edtico entre el PAMI, La Libertad Avanza y el peronismo local, tras una decisi\u00f3n sin explicaciones t\u00e9cnicas claras.<br><br>La designaci\u00f3n de Christian Varela al frente del Hospital del Bicentenario, con antecedentes en gestiones peronistas, gener\u00f3 un fuerte malestar en el espacio libertario de Ituzaing\u00f3, que interpret\u00f3 el cambio como una se\u00f1al de acuerdo pol\u00edtico entre el PAMI y el municipio.<\/p>\n\n\n\n<p>El concejal libertario Hugo Equiza denunci\u00f3 que la salida de Santiago Cerneaz se produjo cuando la direcci\u00f3n comenz\u00f3 a intervenir en presuntas irregularidades internas, como empleados que no cumpl\u00edan funciones y guardias inexistentes, y apunt\u00f3 a la persistencia de viejas estructuras dentro del organismo.<\/p>\n\n\n\n<p>En paralelo, el desplazamiento de un familiar del intendente Pablo Descalzo de la ANSES local reforz\u00f3 la lectura de negociaciones territoriales m\u00e1s all\u00e1 de las diferencias pol\u00edticas.<\/p>\n\n\n\n<p>El conflicto puso en el centro al Hospital del Bicentenario, que atiende a unas 15.000 personas por mes y donde, durante la gesti\u00f3n anterior, se habilitaron nuevas \u00e1reas, exponiendo las tensiones pol\u00edticas e internas que atraviesan al distrito.<\/p>\n","protected":false},"excerpt":{"rendered":"<p>La remoci\u00f3n de Santiago Cerneaz del Hospital del Bicentenario de Ituzaing\u00f3 gener\u00f3 un conflicto pol\u00edtico [&hellip;]<\/p>\n","protected":false},"author":1,"featured_media":5364,"comment_status":"closed","ping_status":"closed","sticky":false,"template":"","format":"standard","meta":{"footnotes":""},"categories":[43],"tags":[417,418,416],"class_list":["post-5363","post","type-post","status-publish","format-standard","has-post-thumbnail","hentry","category-sociedad-nacional","tag-hospital-del-bicentenario","tag-ituzaingo-2","tag-pami"],"aioseo_notices":[],"_links":{"self":[{"href":"https:\/\/vozdeloeste.com\/index.php\/wp-json\/wp\/v2\/posts\/5363","targetHints":{"allow":["GET"]}}],"collection":[{"href":"https:\/\/vozdeloeste.com\/index.php\/wp-json\/wp\/v2\/posts"}],"about":[{"href":"https:\/\/vozdeloeste.com\/index.php\/wp-json\/wp\/v2\/types\/post"}],"author":[{"embeddable":true,"href":"https:\/\/vozdeloeste.com\/index.php\/wp-json\/wp\/v2\/users\/1"}],"replies":[{"embeddable":true,"href":"https:\/\/vozdeloeste.com\/index.php\/wp-json\/wp\/v2\/comments?post=5363"}],"version-history":[{"count":1,"href":"https:\/\/vozdeloeste.com\/index.php\/wp-json\/wp\/v2\/posts\/5363\/revisions"}],"predecessor-version":[{"id":5365,"href":"https:\/\/vozdeloeste.com\/index.php\/wp-json\/wp\/v2\/posts\/5363\/revisions\/5365"}],"wp:featuredmedia":[{"embeddable":true,"href":"https:\/\/vozdeloeste.com\/index.php\/wp-json\/wp\/v2\/media\/5364"}],"wp:attachment":[{"href":"https:\/\/vozdeloeste.com\/index.php\/wp-json\/wp\/v2\/media?parent=5363"}],"wp:term":[{"taxonomy":"category","embeddable":true,"href":"https:\/\/vozdeloeste.com\/index.php\/wp-json\/wp\/v2\/categories?post=5363"},{"taxonomy":"post_tag","embeddable":true,"href":"https:\/\/vozdeloeste.com\/index.php\/wp-json\/wp\/v2\/tags?post=5363"}],"curies":[{"name":"wp","href":"https:\/\/api.w.org\/{rel}","templated":true}]}}