{"id":5324,"date":"2025-11-11T12:28:16","date_gmt":"2025-11-11T15:28:16","guid":{"rendered":"https:\/\/vozdeloeste.com\/?p=5324"},"modified":"2025-11-11T12:28:17","modified_gmt":"2025-11-11T15:28:17","slug":"persecucion-y-arresto-en-el-palomar-dos-hombres-caen-a-bordo-de-un-vehiculo-robado","status":"publish","type":"post","link":"https:\/\/vozdeloeste.com\/index.php\/2025\/11\/11\/persecucion-y-arresto-en-el-palomar-dos-hombres-caen-a-bordo-de-un-vehiculo-robado\/","title":{"rendered":"PERSECUCI\u00d3N Y ARRESTO EN EL PALOMAR: DOS HOMBRES CAEN A BORDO DE UN VEH\u00cdCULO ROBADO"},"content":{"rendered":"\n<p>Tras una intensa persecuci\u00f3n que comenz\u00f3 en la intersecci\u00f3n de la autopista Perito Moreno y la avenida General Paz, la Polic\u00eda de la Ciudad logr\u00f3 detener en El Palomar a dos delincuentes que se desplazaban en un veh\u00edculo robado. El operativo finaliz\u00f3 sin heridos y permiti\u00f3 recuperar el rodado.<\/p>\n\n\n\n<p>La persecuci\u00f3n comenz\u00f3 en la autopista Perito Moreno cuando, al pasar por el anillo digital lector de patentes, se emiti\u00f3 un alerta por el paso de un Volkswagen Voyage gris que contaba con una orden de detenci\u00f3n preventiva a solicitud de la Fiscal\u00eda Criminal y Correccional N\u00famero 55, debido a que podr\u00eda ser un \u201cauto mellizo\u201d con n\u00fameros de patentes y de chasis que no coincid\u00edan.<\/p>\n\n\n\n<p>Seg\u00fan supo la Agencia Noticias Argentinas, los delincuentes tomaron el Acceso Oeste, con direcci\u00f3n a la provincia de Buenos Aires, bajaron en la localidad moronense de El Palomar y, al llegar al cruce de las calles El Rodeo y Belisario Rold\u00e1n, chocaron contra uno de los m\u00f3viles policiales. All\u00ed, los oficiales detuvieron al conductor y arrestaron al acompa\u00f1ante que intentaba darse a la fuga a pie.<\/p>\n\n\n\n<p>Ambos ten\u00edan antecedentes penales, pero el conductor contaba con 14 debido a delitos como portaci\u00f3n de armas, lesiones, comercializaci\u00f3n y tenencia de estupefacientes, robo, amenazas y robo agravado con escalamiento.<\/p>\n\n\n\n<p>Al corroborar el n\u00famero de chasis y motor, los efectivos policiales confirmaron que no coincidian y que el primero de ellos pertenec\u00eda a un veh\u00edculo robado en enero pasado en el partido bonaerense de Lomas de Zamora.<\/p>\n","protected":false},"excerpt":{"rendered":"<p>Tras una intensa persecuci\u00f3n que comenz\u00f3 en la intersecci\u00f3n de la autopista Perito Moreno y [&hellip;]<\/p>\n","protected":false},"author":1,"featured_media":5325,"comment_status":"closed","ping_status":"closed","sticky":false,"template":"","format":"standard","meta":{"footnotes":""},"categories":[107],"tags":[395,394,396,328,46,214],"class_list":["post-5324","post","type-post","status-publish","format-standard","has-post-thumbnail","hentry","category-policiales-nacionales","tag-delincuentes","tag-detenidos","tag-el-palomar","tag-persecucion","tag-policiales","tag-robo"],"aioseo_notices":[],"_links":{"self":[{"href":"https:\/\/vozdeloeste.com\/index.php\/wp-json\/wp\/v2\/posts\/5324","targetHints":{"allow":["GET"]}}],"collection":[{"href":"https:\/\/vozdeloeste.com\/index.php\/wp-json\/wp\/v2\/posts"}],"about":[{"href":"https:\/\/vozdeloeste.com\/index.php\/wp-json\/wp\/v2\/types\/post"}],"author":[{"embeddable":true,"href":"https:\/\/vozdeloeste.com\/index.php\/wp-json\/wp\/v2\/users\/1"}],"replies":[{"embeddable":true,"href":"https:\/\/vozdeloeste.com\/index.php\/wp-json\/wp\/v2\/comments?post=5324"}],"version-history":[{"count":1,"href":"https:\/\/vozdeloeste.com\/index.php\/wp-json\/wp\/v2\/posts\/5324\/revisions"}],"predecessor-version":[{"id":5326,"href":"https:\/\/vozdeloeste.com\/index.php\/wp-json\/wp\/v2\/posts\/5324\/revisions\/5326"}],"wp:featuredmedia":[{"embeddable":true,"href":"https:\/\/vozdeloeste.com\/index.php\/wp-json\/wp\/v2\/media\/5325"}],"wp:attachment":[{"href":"https:\/\/vozdeloeste.com\/index.php\/wp-json\/wp\/v2\/media?parent=5324"}],"wp:term":[{"taxonomy":"category","embeddable":true,"href":"https:\/\/vozdeloeste.com\/index.php\/wp-json\/wp\/v2\/categories?post=5324"},{"taxonomy":"post_tag","embeddable":true,"href":"https:\/\/vozdeloeste.com\/index.php\/wp-json\/wp\/v2\/tags?post=5324"}],"curies":[{"name":"wp","href":"https:\/\/api.w.org\/{rel}","templated":true}]}}