{"id":5091,"date":"2025-02-05T10:34:36","date_gmt":"2025-02-05T13:34:36","guid":{"rendered":"https:\/\/vozdeloeste.com\/?p=5091"},"modified":"2025-02-05T10:41:06","modified_gmt":"2025-02-05T13:41:06","slug":"nicolas-maduro-carga-contra-el-caciller-de-panama-tras-la-visita-de-marco-rubio","status":"publish","type":"post","link":"https:\/\/vozdeloeste.com\/index.php\/2025\/02\/05\/nicolas-maduro-carga-contra-el-caciller-de-panama-tras-la-visita-de-marco-rubio\/","title":{"rendered":"NICOL\u00c1S MADURO CARGA CONTRA EL CACILLER DE PANAM\u00c1 TRAS LA VISITA DE MARCO RUBIO"},"content":{"rendered":"\n<p>La Canciller\u00eda paname\u00f1a respondi\u00f3 con un mensaje diplom\u00e1tico, evitando la confrontaci\u00f3n. \u201cNo responderemos a descalificaciones, pero seguimos firmes en nuestro compromiso con la democracia y el respeto internacional\u201d, declar\u00f3 en su comunicado.<\/p>\n\n\n\n<p>El dictador venezolano&nbsp;<strong>Nicol\u00e1s Maduro<\/strong>, quien usurpa el poder desde el 10 de enero tras consumar un fraude electoral en julio de 2024, arremeti\u00f3 este martes contra el canciller paname\u00f1o,&nbsp;<strong>Javier Mart\u00ednez-Acha<\/strong>, a quien acus\u00f3 de no defender el&nbsp;<strong>Canal de Panam\u00e1<\/strong>&nbsp;frente a las declaraciones del presidente de Estados Unidos,&nbsp;<strong>Donald Trump<\/strong>, sobre una posible recuperaci\u00f3n de la v\u00eda interoce\u00e1nica.<\/p>\n\n\n\n<p>En un acto en Caracas, Maduro insult\u00f3 al ministro paname\u00f1o y asegur\u00f3 que este \u201cse baj\u00f3 los pantalones\u201d ante el secretario de Estado estadounidense,&nbsp;<strong>Marco Rubio<\/strong>, quien visit\u00f3 recientemente el pa\u00eds centroamericano.<\/p>\n\n\n\n<p>Durante la visita, el gobierno paname\u00f1o anunci\u00f3 que no renovar\u00e1 un acuerdo comercial con&nbsp;<strong>China<\/strong>&nbsp;y que trabajar\u00e1 con la&nbsp;<strong>Marina de EEUU<\/strong>&nbsp;para dar prioridad al tr\u00e1nsito de sus buques por el canal.<\/p>\n\n\n\n<p>\u201c<strong>\u00bfD\u00f3nde est\u00e1 ese imb\u00e9cil? \u00bfC\u00f3mo se llama el imb\u00e9cil del canciller paname\u00f1o? Que se baj\u00f3 los pantalones frente a Marco Rubio cuando lo visit\u00f3 ahora y no es capaz de defender el Canal de Panam\u00e1<\/strong>\u201d, dijo Maduro durante un acto en Caracas, en el que se conmemor\u00f3 el golpe de Estado fallido de&nbsp;<strong>Hugo Ch\u00e1vez<\/strong>&nbsp;en 1992.<\/p>\n\n\n\n<figure class=\"wp-block-image\"><img decoding=\"async\" src=\"https:\/\/provinciareal.com.ar\/wp-content\/uploads\/2025\/02\/image.png\" alt=\"\" class=\"wp-image-1216\"\/><\/figure>\n\n\n\n<p><a href=\"https:\/\/www.infobae.com\/venezuela\/2025\/02\/04\/edmundo-gonzalez-urrutia-converso-con-el-enviado-de-donald-trump-antes-y-despues-de-su-reunion-con-maduro\/\" target=\"_blank\" rel=\"noreferrer noopener\"><\/a><\/p>\n\n\n\n<p>Maduro tambi\u00e9n se burl\u00f3 de unas declaraciones previas de Mart\u00ednez-Acha sobre una \u201cgran sorpresa\u201d que estremecer\u00eda el continente en relaci\u00f3n con Venezuela.<\/p>\n\n\n\n<p><a href=\"https:\/\/www.infobae.com\/venezuela\/2025\/02\/05\/primero-justicia-pidio-que-se-mantenga-el-respaldo-internacional-a-la-lucha-democratica-en-venezuela\/\" target=\"_blank\" rel=\"noreferrer noopener\"><\/a>\u201cTen\u00eda raz\u00f3n\u201d, ironiz\u00f3 el dictador, refiri\u00e9ndose a su ileg\u00edtima investidura como \u201cpresidente\u201d para el periodo 2025-2031, un acto rechazado por la comunidad internacional.<\/p>\n\n\n\n<p>El&nbsp;<strong>Gobierno de Panam\u00e1<\/strong>, que no reconoce el mandato ileg\u00edtimo de Maduro, respondi\u00f3 con un breve comunicado, en el que evit\u00f3 entrar en confrontaciones directas.<\/p>\n\n\n\n<p>\u201c<strong>Panam\u00e1 es un pa\u00eds democr\u00e1tico y respetuoso del derecho internacional. No responderemos a insultos personales, pero reiteramos nuestro compromiso con los valores de la democracia, el respeto a los derechos humanos y la paz en la regi\u00f3n<\/strong>\u201d, declar\u00f3 Mart\u00ednez-Acha.<\/p>\n\n\n\n<p>Panam\u00e1 ha sido un actor clave en el respaldo al presidente leg\u00edtimo de Venezuela,&nbsp;<strong>Edmundo Gonz\u00e1lez Urrutia<\/strong>, quien gan\u00f3 las elecciones del 28 de julio seg\u00fan las&nbsp;<strong>actas del Consejo Nacional Electoral (CNE) recopiladas por la oposici\u00f3n<\/strong>. En enero, el gobierno paname\u00f1o recibi\u00f3 en custodia&nbsp;<strong>el 85,18 % de dichos comprobantes<\/strong>, que confirman la victoria de Gonz\u00e1lez Urrutia, en un proceso que el<strong>&nbsp;CNE<\/strong>, controlado por el chavismo, ha intentado deslegitimar al negarse a publicar los resultados desglosados de los comicios.<\/p>\n\n\n\n<p><img loading=\"lazy\" decoding=\"async\" height=\"4672\" width=\"7008\" src=\"https:\/\/www.infobae.com\/resizer\/v2\/TZYCXLQIPR26JPUI3OGMXH23V4.jpg?auth=3e426681591160e88261da48fc0d1f75ea04b3a6e0c1aac1bc5335e9a13d0284&amp;smart=true&amp;width=350&amp;height=233&amp;quality=85\" alt=\"El Gobierno de Panam\u00e1, que\">El Gobierno de Panam\u00e1, que no reconoce el mandato ileg\u00edtimo de Maduro, respondi\u00f3 con un breve comunicado, en el que evit\u00f3 entrar en confrontaciones directas<\/p>\n\n\n\n<p>El presidente electo&nbsp;<strong>Edmundo Gonz\u00e1lez Urrutia<\/strong>&nbsp;lleg\u00f3 a&nbsp;<strong>Ciudad de Panam\u00e1<\/strong>&nbsp;el pasado viernes, seg\u00fan confirm\u00f3&nbsp;<em><strong>EFE<\/strong><\/em>, en coincidencia con la visita de Marco Rubio a la regi\u00f3n. Sin embargo, su agenda en el pa\u00eds centroamericano se mantiene en reserva y no ha realizado apariciones p\u00fablicas desde su arribo.<\/p>\n\n\n\n<p>Mientras tanto, Rubio contin\u00faa su gira regional, en la que busca reforzar la cooperaci\u00f3n en materia de seguridad y promover alianzas con pa\u00edses que rechazan la dictadura de Maduro.<\/p>\n\n\n\n<p>El funcionario estadounidense advirti\u00f3 este lunes que el gobierno de Donald Trump cuenta con \u201cmuchas opciones\u201d para infligir \u201cda\u00f1o\u201d y perjuicio al r\u00e9gimen venezolano.<\/p>\n\n\n\n<p>En una entrevista con&nbsp;<em><strong>Fox News<\/strong><\/em>, Rubio asegur\u00f3 que la<strong>&nbsp;administraci\u00f3n republicana<\/strong>&nbsp;est\u00e1 dispuesta a tomar medidas contra la dictadura chavista.<\/p>\n\n\n\n<p>\u201c<strong>No voy a hablar sobre cu\u00e1les son esas acciones, pero \u00e9l sabe y ellos saben que tenemos muchas opciones para infligir da\u00f1o y perjuicio graves al r\u00e9gimen de Maduro\u00bb<\/strong>, afirm\u00f3 Rubio.<\/p>\n\n\n\n<p>El secretario de estado destac\u00f3 que Trump es percibido como un l\u00edder fuerte por sus adversarios y que Maduro entiende las consecuencias de desafiarlos.<\/p>\n\n\n\n<p>\u201c<strong>Los l\u00edderes como Maduro, sin importar lo duros que intenten ser, respetan a Donald Trump. Saben que este no es un tipo que les enviar\u00e1 una carta con palabras en\u00e9rgicas. Tomar\u00e1 medidas<\/strong>\u201d, se\u00f1al\u00f3.<img loading=\"lazy\" decoding=\"async\" height=\"4860\" width=\"8640\" src=\"https:\/\/www.infobae.com\/resizer\/v2\/NSBHXEXI2JAG3O3KMGFGQC25B4?auth=ad0f2a2f9f85d6a0a29fba35ec954b1a63b3965f27bf3a949ff8039b60838856&amp;smart=true&amp;width=350&amp;height=197&amp;quality=85\" alt=\"Rubio asegur\u00f3 que la administraci\u00f3n\">Rubio asegur\u00f3 que la administraci\u00f3n republicana est\u00e1 dispuesta a tomar medidas contra la dictadura chavista<\/p>\n\n\n\n<p>Rubio tambi\u00e9n reiter\u00f3 que&nbsp;<strong>Estados Unidos no reconoce a Maduro como presidente leg\u00edtimo de Venezuela<\/strong>&nbsp;y neg\u00f3 que existan negociaciones en ese sentido, incluso despu\u00e9s de la reciente visita del enviado especial&nbsp;<strong>Richard Grenell<\/strong>&nbsp;a Caracas.<\/p>\n","protected":false},"excerpt":{"rendered":"<p>La Canciller\u00eda paname\u00f1a respondi\u00f3 con un mensaje diplom\u00e1tico, evitando la confrontaci\u00f3n. \u201cNo responderemos a descalificaciones, [&hellip;]<\/p>\n","protected":false},"author":1,"featured_media":5094,"comment_status":"open","ping_status":"open","sticky":false,"template":"","format":"standard","meta":{"footnotes":""},"categories":[172],"tags":[291,290,287,289,100,288],"class_list":["post-5091","post","type-post","status-publish","format-standard","has-post-thumbnail","hentry","category-internacional","tag-donald-trump","tag-marco-rubio","tag-nicolas-maduro","tag-panama","tag-sociedad","tag-venezuela"],"aioseo_notices":[],"_links":{"self":[{"href":"https:\/\/vozdeloeste.com\/index.php\/wp-json\/wp\/v2\/posts\/5091","targetHints":{"allow":["GET"]}}],"collection":[{"href":"https:\/\/vozdeloeste.com\/index.php\/wp-json\/wp\/v2\/posts"}],"about":[{"href":"https:\/\/vozdeloeste.com\/index.php\/wp-json\/wp\/v2\/types\/post"}],"author":[{"embeddable":true,"href":"https:\/\/vozdeloeste.com\/index.php\/wp-json\/wp\/v2\/users\/1"}],"replies":[{"embeddable":true,"href":"https:\/\/vozdeloeste.com\/index.php\/wp-json\/wp\/v2\/comments?post=5091"}],"version-history":[{"count":1,"href":"https:\/\/vozdeloeste.com\/index.php\/wp-json\/wp\/v2\/posts\/5091\/revisions"}],"predecessor-version":[{"id":5093,"href":"https:\/\/vozdeloeste.com\/index.php\/wp-json\/wp\/v2\/posts\/5091\/revisions\/5093"}],"wp:featuredmedia":[{"embeddable":true,"href":"https:\/\/vozdeloeste.com\/index.php\/wp-json\/wp\/v2\/media\/5094"}],"wp:attachment":[{"href":"https:\/\/vozdeloeste.com\/index.php\/wp-json\/wp\/v2\/media?parent=5091"}],"wp:term":[{"taxonomy":"category","embeddable":true,"href":"https:\/\/vozdeloeste.com\/index.php\/wp-json\/wp\/v2\/categories?post=5091"},{"taxonomy":"post_tag","embeddable":true,"href":"https:\/\/vozdeloeste.com\/index.php\/wp-json\/wp\/v2\/tags?post=5091"}],"curies":[{"name":"wp","href":"https:\/\/api.w.org\/{rel}","templated":true}]}}