{"id":5028,"date":"2024-03-21T10:38:53","date_gmt":"2024-03-21T13:38:53","guid":{"rendered":"https:\/\/vozdeloeste.com\/?p=5028"},"modified":"2024-03-21T10:38:55","modified_gmt":"2024-03-21T13:38:55","slug":"lujan-el-instituto-juan-vucetich-presentara-su-oferta-academica","status":"publish","type":"post","link":"https:\/\/vozdeloeste.com\/index.php\/2024\/03\/21\/lujan-el-instituto-juan-vucetich-presentara-su-oferta-academica\/","title":{"rendered":"LUJ\u00c1N: EL INSTITUTO JUAN VUCETICH PRESENTAR\u00c1 SU OFERTA ACAD\u00c9MICA"},"content":{"rendered":"\n<p>El Municipio invita a la comunidad a participar del acto de lanzamiento de la oferta acad\u00e9mica del Instituto Universitario Juan Vucetich, que tendr\u00e1 lugar este jueves 21 de marzo a las 9 horas en el Sal\u00f3n Cultural del Complejo Museogr\u00e1fico \u201cEnrique Udaondo\u201d.<\/p>\n\n\n\n<p>All\u00ed se presentar\u00e1n y se brindar\u00e1 informaci\u00f3n sobre una serie de carreras de acceso libre y gratuito, orientadas tanto al personal que integra las fuerzas de seguridad como a la poblaci\u00f3n en general:<\/p>\n\n\n\n<p>-Gesti\u00f3n Estrat\u00e9gica de la Seguridad<\/p>\n\n\n\n<p>-Gesti\u00f3n del Riesgo de Desastres con Menci\u00f3n en Adaptaci\u00f3n al Cambio Clim\u00e1tico<\/p>\n\n\n\n<p>-Preservaci\u00f3n del Lugar del Hecho y Tratamiento de Evidencias<\/p>\n\n\n\n<p>-Gesti\u00f3n de la Seguridad Rural<\/p>\n\n\n\n<p>-Sistema de Video Observaci\u00f3n aplicadas a la Seguridad<\/p>\n\n\n\n<p>-Perfilaci\u00f3n Geogr\u00e1fica<\/p>\n\n\n\n<p>-Gesti\u00f3n de la Informaci\u00f3n para la Investigaci\u00f3n Criminal<\/p>\n\n\n\n<p>-Gesti\u00f3n de la Conflictividad y Promoci\u00f3n de la Seguridad Ciudadana<\/p>\n\n\n\n<p>-Gesti\u00f3n de Pol\u00edticas P\u00fablicas con Perspectiva de G\u00e9nero y Derechos Humanos en el Campo de la Seguridad<\/p>\n\n\n\n<p>-Docencia Universitaria en el \u00e1rea de Seguridad<\/p>\n\n\n\n<p>El Instituto Universitario Juan Vucetich cuenta con una oferta acad\u00e9mica de formaci\u00f3n human\u00edstica, en derechos humanos, t\u00e9cnica, profesional y cient\u00edfica en el campo de la seguridad, contemplando la perspectiva y diversidad de g\u00e9nero.<\/p>\n","protected":false},"excerpt":{"rendered":"<p>El Municipio invita a la comunidad a participar del acto de lanzamiento de la oferta [&hellip;]<\/p>\n","protected":false},"author":1,"featured_media":5029,"comment_status":"closed","ping_status":"closed","sticky":false,"template":"","format":"standard","meta":{"footnotes":""},"categories":[43],"tags":[153,266],"class_list":["post-5028","post","type-post","status-publish","format-standard","has-post-thumbnail","hentry","category-sociedad-nacional","tag-lujan-2","tag-oferta-academica"],"aioseo_notices":[],"_links":{"self":[{"href":"https:\/\/vozdeloeste.com\/index.php\/wp-json\/wp\/v2\/posts\/5028","targetHints":{"allow":["GET"]}}],"collection":[{"href":"https:\/\/vozdeloeste.com\/index.php\/wp-json\/wp\/v2\/posts"}],"about":[{"href":"https:\/\/vozdeloeste.com\/index.php\/wp-json\/wp\/v2\/types\/post"}],"author":[{"embeddable":true,"href":"https:\/\/vozdeloeste.com\/index.php\/wp-json\/wp\/v2\/users\/1"}],"replies":[{"embeddable":true,"href":"https:\/\/vozdeloeste.com\/index.php\/wp-json\/wp\/v2\/comments?post=5028"}],"version-history":[{"count":1,"href":"https:\/\/vozdeloeste.com\/index.php\/wp-json\/wp\/v2\/posts\/5028\/revisions"}],"predecessor-version":[{"id":5030,"href":"https:\/\/vozdeloeste.com\/index.php\/wp-json\/wp\/v2\/posts\/5028\/revisions\/5030"}],"wp:featuredmedia":[{"embeddable":true,"href":"https:\/\/vozdeloeste.com\/index.php\/wp-json\/wp\/v2\/media\/5029"}],"wp:attachment":[{"href":"https:\/\/vozdeloeste.com\/index.php\/wp-json\/wp\/v2\/media?parent=5028"}],"wp:term":[{"taxonomy":"category","embeddable":true,"href":"https:\/\/vozdeloeste.com\/index.php\/wp-json\/wp\/v2\/categories?post=5028"},{"taxonomy":"post_tag","embeddable":true,"href":"https:\/\/vozdeloeste.com\/index.php\/wp-json\/wp\/v2\/tags?post=5028"}],"curies":[{"name":"wp","href":"https:\/\/api.w.org\/{rel}","templated":true}]}}