{"id":5025,"date":"2024-03-18T12:48:44","date_gmt":"2024-03-18T15:48:44","guid":{"rendered":"https:\/\/vozdeloeste.com\/?p=5025"},"modified":"2024-03-18T12:48:45","modified_gmt":"2024-03-18T15:48:45","slug":"moron-nuevo-aumento-para-empleados-municipales","status":"publish","type":"post","link":"https:\/\/vozdeloeste.com\/index.php\/2024\/03\/18\/moron-nuevo-aumento-para-empleados-municipales\/","title":{"rendered":"MORON: NUEVO AUMENTO PARA EMPLEADOS MUNICIPALES"},"content":{"rendered":"\n<p>El Municipio de Mor\u00f3n anunci\u00f3 un acuerdo paritario con los sindicatos representativos de los trabajadores municipales para otorgar nuevos aumentos salariales.<\/p>\n\n\n\n<p>En el cierre de la semana entrante se resolvi\u00f3 el incremento en los sueldos de los trabajadores del distrito moronense que busca contrarrestar el impacto de la inflaci\u00f3n y proteger el poder adquisitivo de los empleados. Estos incrementos se suman a los ya otorgados en enero y febrero, con el objetivo de aliviar la situaci\u00f3n econ\u00f3mica de los trabajadores en un contexto de profundo ajuste y deterioro de la calidad de vida.<\/p>\n\n\n\n<p>Seg\u00fan lo acordado, los trabajadores percibir\u00e1n un aumento del 18% en sus sueldos b\u00e1sicos correspondientes al mes de marzo, que se har\u00e1 efectivo el pr\u00f3ximo mi\u00e9rcoles 27. Adem\u00e1s, se estableci\u00f3 un incremento adicional del 7% para el mes de abril. Con estos nuevos aumentos, el incremento salarial acumulado de enero a abril alcanzar\u00e1 el 66,66%.<\/p>\n\n\n\n<p>Diego Spina, secretario de Gobierno municipal, explic\u00f3 que la decisi\u00f3n de realizar paritarias bimestrales responde a la necesidad de abordar la situaci\u00f3n econ\u00f3mica actual, marcada por el aumento del transporte y la ca\u00edda del poder adquisitivo. Destac\u00f3 el trabajo conjunto con los sindicatos, federaciones y organizaciones gremiales en defensa de los trabajadores municipales.<\/p>\n\n\n\n<p>Adem\u00e1s de los aumentos generales, el personal del Sistema \u00danico Municipal de Salud (SUMS) tambi\u00e9n recibir\u00e1 una actualizaci\u00f3n en el valor de las guardias m\u00e9dicas, con montos que variar\u00e1n seg\u00fan el d\u00eda de la semana y la fecha. Tambi\u00e9n se incrementar\u00e1 la bonificaci\u00f3n del personal Auxiliar de Escuela dependiente de la Direcci\u00f3n de Educaci\u00f3n.<\/p>\n\n\n\n<p>El acuerdo paritario, que cuenta con la firma de los secretarios generales de los sindicatos involucrados, subraya el compromiso de mantener el poder adquisitivo de los salarios y establece la convocatoria a nuevas reuniones en mayo para continuar avanzando en acuerdos que beneficien a los trabajadores municipales.<\/p>\n","protected":false},"excerpt":{"rendered":"<p>El Municipio de Mor\u00f3n anunci\u00f3 un acuerdo paritario con los sindicatos representativos de los trabajadores [&hellip;]<\/p>\n","protected":false},"author":1,"featured_media":5026,"comment_status":"closed","ping_status":"closed","sticky":false,"template":"","format":"standard","meta":{"footnotes":""},"categories":[1],"tags":[265,264,263],"class_list":["post-5025","post","type-post","status-publish","format-standard","has-post-thumbnail","hentry","category-sin-categoria","tag-aumento-de-salarios","tag-empleados-municipales","tag-moron"],"aioseo_notices":[],"_links":{"self":[{"href":"https:\/\/vozdeloeste.com\/index.php\/wp-json\/wp\/v2\/posts\/5025","targetHints":{"allow":["GET"]}}],"collection":[{"href":"https:\/\/vozdeloeste.com\/index.php\/wp-json\/wp\/v2\/posts"}],"about":[{"href":"https:\/\/vozdeloeste.com\/index.php\/wp-json\/wp\/v2\/types\/post"}],"author":[{"embeddable":true,"href":"https:\/\/vozdeloeste.com\/index.php\/wp-json\/wp\/v2\/users\/1"}],"replies":[{"embeddable":true,"href":"https:\/\/vozdeloeste.com\/index.php\/wp-json\/wp\/v2\/comments?post=5025"}],"version-history":[{"count":1,"href":"https:\/\/vozdeloeste.com\/index.php\/wp-json\/wp\/v2\/posts\/5025\/revisions"}],"predecessor-version":[{"id":5027,"href":"https:\/\/vozdeloeste.com\/index.php\/wp-json\/wp\/v2\/posts\/5025\/revisions\/5027"}],"wp:featuredmedia":[{"embeddable":true,"href":"https:\/\/vozdeloeste.com\/index.php\/wp-json\/wp\/v2\/media\/5026"}],"wp:attachment":[{"href":"https:\/\/vozdeloeste.com\/index.php\/wp-json\/wp\/v2\/media?parent=5025"}],"wp:term":[{"taxonomy":"category","embeddable":true,"href":"https:\/\/vozdeloeste.com\/index.php\/wp-json\/wp\/v2\/categories?post=5025"},{"taxonomy":"post_tag","embeddable":true,"href":"https:\/\/vozdeloeste.com\/index.php\/wp-json\/wp\/v2\/tags?post=5025"}],"curies":[{"name":"wp","href":"https:\/\/api.w.org\/{rel}","templated":true}]}}