{"id":5017,"date":"2024-03-07T11:00:21","date_gmt":"2024-03-07T14:00:21","guid":{"rendered":"https:\/\/vozdeloeste.com\/?p=5017"},"modified":"2024-03-07T11:00:23","modified_gmt":"2024-03-07T14:00:23","slug":"denuncia-a-cuatro-jugadores-de-velez-por-violacion-a-una-mujer-en-tucuman","status":"publish","type":"post","link":"https:\/\/vozdeloeste.com\/index.php\/2024\/03\/07\/denuncia-a-cuatro-jugadores-de-velez-por-violacion-a-una-mujer-en-tucuman\/","title":{"rendered":"DENUNCIA A CUATRO JUGADORES DE VELEZ POR VIOLACION A UNA MUJER EN TUCUMAN"},"content":{"rendered":"\n<p>Cuatro jugadores del plantel de V\u00e9lez Sarsfield fueron denunciados ante la Justicia por supuestamente violar a una joven de 24 a\u00f1os\u00a0en una habitaci\u00f3n del hotel Hilton de San Miguel de Tucum\u00e1n.<\/p>\n\n\n\n<p>Los jugadores se\u00f1alados son\u00a0<strong>Sebasti\u00e1n Sosa<\/strong>, <strong>Braian Cufr\u00e9<\/strong>, <strong>Abel Osorio<\/strong> y J<strong>os\u00e9 Ignacio Florent\u00edn<\/strong>, el expediente por el delito de abuso sexual con acceso carnal es investigado Unidad Fiscal de Abuso Contra la Integridad Sexual N\u00b0 1.<\/p>\n\n\n\n<p>El hecho, seg\u00fan informaci\u00f3n policial adelantada por diversos medios tucumanos, ocurri\u00f3 el domingo pasado a medianoche, tras el partido entre V\u00e9lez y Atl\u00e9tico Tucum\u00e1n.\u00a0La v\u00edctima afirm\u00f3 que fue invitada al hotel por Sosa mediante una serie de mensajes de Instagram.\u00a0Al llegar a la habitaci\u00f3n 407, encontr\u00f3 al jugador. Poco despu\u00e9s, se sumaron Osorio, Cufr\u00e9 y Florent\u00edn, \u201ccon los cuales comenz\u00f3 a compartir unas latas de cerveza, luego le ofrecieron fernet y despu\u00e9s de tomar unos tragos comenz\u00f3 a sentirse mal, muy mareada, por lo que se recost\u00f3 en una de las camas como adormecida\u201d.<\/p>\n\n\n\n<p>En ese momento, seg\u00fan su relato, habr\u00eda ocurrido el ataque. Dej\u00f3 el hotel en un auto de aplicaci\u00f3n, que pidi\u00f3 ella misma. Tres d\u00edas m\u00e1s tarde,<strong>\u00a0<\/strong>se present\u00f3 ante la Divisi\u00f3n Delitos contra las Personas de la Polic\u00eda de Tucum\u00e1n\u00a0para realizar la denuncia. All\u00ed, entreg\u00f3 la ropa que us\u00f3 aquella noche.<\/p>\n\n\n\n<p>La fiscal\u00eda<strong>\u00a0<\/strong>orden\u00f3 las pericias de rigor a la v\u00edctima, as\u00ed como el relevo de las c\u00e1maras de seguridad y el an\u00e1lisis de las prendas.<\/p>\n\n\n\n<p><\/p>\n","protected":false},"excerpt":{"rendered":"<p>Cuatro jugadores del plantel de V\u00e9lez Sarsfield fueron denunciados ante la Justicia por supuestamente violar [&hellip;]<\/p>\n","protected":false},"author":1,"featured_media":5018,"comment_status":"closed","ping_status":"closed","sticky":false,"template":"","format":"standard","meta":{"footnotes":""},"categories":[107],"tags":[257,256,254],"class_list":["post-5017","post","type-post","status-publish","format-standard","has-post-thumbnail","hentry","category-policiales-nacionales","tag-abuso","tag-tucuman","tag-velez-sarsfield"],"aioseo_notices":[],"_links":{"self":[{"href":"https:\/\/vozdeloeste.com\/index.php\/wp-json\/wp\/v2\/posts\/5017","targetHints":{"allow":["GET"]}}],"collection":[{"href":"https:\/\/vozdeloeste.com\/index.php\/wp-json\/wp\/v2\/posts"}],"about":[{"href":"https:\/\/vozdeloeste.com\/index.php\/wp-json\/wp\/v2\/types\/post"}],"author":[{"embeddable":true,"href":"https:\/\/vozdeloeste.com\/index.php\/wp-json\/wp\/v2\/users\/1"}],"replies":[{"embeddable":true,"href":"https:\/\/vozdeloeste.com\/index.php\/wp-json\/wp\/v2\/comments?post=5017"}],"version-history":[{"count":1,"href":"https:\/\/vozdeloeste.com\/index.php\/wp-json\/wp\/v2\/posts\/5017\/revisions"}],"predecessor-version":[{"id":5019,"href":"https:\/\/vozdeloeste.com\/index.php\/wp-json\/wp\/v2\/posts\/5017\/revisions\/5019"}],"wp:featuredmedia":[{"embeddable":true,"href":"https:\/\/vozdeloeste.com\/index.php\/wp-json\/wp\/v2\/media\/5018"}],"wp:attachment":[{"href":"https:\/\/vozdeloeste.com\/index.php\/wp-json\/wp\/v2\/media?parent=5017"}],"wp:term":[{"taxonomy":"category","embeddable":true,"href":"https:\/\/vozdeloeste.com\/index.php\/wp-json\/wp\/v2\/categories?post=5017"},{"taxonomy":"post_tag","embeddable":true,"href":"https:\/\/vozdeloeste.com\/index.php\/wp-json\/wp\/v2\/tags?post=5017"}],"curies":[{"name":"wp","href":"https:\/\/api.w.org\/{rel}","templated":true}]}}