{"id":5013,"date":"2024-03-06T09:58:42","date_gmt":"2024-03-06T12:58:42","guid":{"rendered":"https:\/\/vozdeloeste.com\/?p=5013"},"modified":"2024-03-06T09:58:43","modified_gmt":"2024-03-06T12:58:43","slug":"santa-fe-advertencia-del-gobierno-para-los-narcos","status":"publish","type":"post","link":"https:\/\/vozdeloeste.com\/index.php\/2024\/03\/06\/santa-fe-advertencia-del-gobierno-para-los-narcos\/","title":{"rendered":"SANTA FE: ADVERTENCIA DEL GOBIERNO PARA LOS NARCOS"},"content":{"rendered":"\n<p>El gobernador Maximiliano Pullaro comparti\u00f3 en sus redes sociales un operativo llevado a cabo durante el fin de semana en la c\u00e1rcel de Pi\u00f1ero. Las im\u00e1genes evocan recuerdos de las t\u00e1cticas empleadas por El Salvador en su lucha contra los pandilleros.<\/p>\n\n\n\n<p><strong>Maximiliano Pullaro<\/strong>&nbsp;inici\u00f3 su mandato en Santa Fe con el combate al narcotr\u00e1fico y a la inseguridad como uno de sus objetivos primordiales. En ese sentido, y tras la requisa sorpresa que se llev\u00f3 a cabo el s\u00e1bado en la c\u00e1rcel de Pi\u00f1ero -penal clave para los narcos que operan en la zona-, el gobernador y su ministro de Justicia y Seguridad,&nbsp;<strong>Pablo Cococcioni<\/strong>, compartieron un desafiante mensaje en las redes sociales.<\/p>\n\n\n\n<p><strong>\u201cCada vez la van a pasar peor\u201d<\/strong>, indic\u00f3 el mandatario en el posteo, que muestra a grupos de presos sentados en el suelo, sin remeras y fuertemente custodiados.\u00a0La postal replica el m\u00e9todo que utiliza el presidente de El Salvador, Nayib Bukele, para combatir a los pandilleros en su pa\u00eds.<\/p>\n\n\n\n<figure class=\"wp-block-image size-full is-resized\"><img loading=\"lazy\" decoding=\"async\" width=\"992\" height=\"850\" src=\"https:\/\/vozdeloeste.com\/wp-content\/uploads\/2024\/03\/image.png\" alt=\"\" class=\"wp-image-5014\" style=\"width:567px;height:auto\"\/><\/figure>\n\n\n\n<p>Como Bukele, en El Salvador, las fotos que public\u00f3 el gobierno de Pullaro muestra a grupos de presos, sin remera y fuertemente custodiados<\/p>\n\n\n\n<p>\u201cTenemos un plan de Seguridad, sabemos c\u00f3mo llevarlo adelante y estamos trabajando para eso.&nbsp;<strong>Desde las c\u00e1rceles salen las \u00f3rdenes para hacerle la vida imposible a los santafesinos<\/strong>\u201d, se agreg\u00f3 en el texto. Para el gobierno santafesino,&nbsp;<strong>\u201c<\/strong>se termin\u00f3 el tiempo de home office liberado, sin control y con empleados penitenciarios que eran apercibidos si molestaban a los presos\u201d.<\/p>\n\n\n\n<p>\u201cNo vamos a retroceder ante las amenazas. Tenemos el mandato del pueblo santafesino para restaurar la tranquilidad de los vecinos.&nbsp;<strong>Los presos est\u00e1n presos, no vamos a aceptar ninguna extorsi\u00f3n<\/strong>&nbsp;y si no lo entienden, cada vez la van a pasar peor\u201d, concluy\u00f3 en mensaje publicado por Pullaro.<\/p>\n","protected":false},"excerpt":{"rendered":"<p>El gobernador Maximiliano Pullaro comparti\u00f3 en sus redes sociales un operativo llevado a cabo durante [&hellip;]<\/p>\n","protected":false},"author":1,"featured_media":5015,"comment_status":"closed","ping_status":"closed","sticky":false,"template":"","format":"standard","meta":{"footnotes":""},"categories":[107],"tags":[252,250,253,251],"class_list":["post-5013","post","type-post","status-publish","format-standard","has-post-thumbnail","hentry","category-policiales-nacionales","tag-carcel-de-pinero","tag-maximiliano-pullaro","tag-narcos","tag-santa-fe"],"aioseo_notices":[],"_links":{"self":[{"href":"https:\/\/vozdeloeste.com\/index.php\/wp-json\/wp\/v2\/posts\/5013","targetHints":{"allow":["GET"]}}],"collection":[{"href":"https:\/\/vozdeloeste.com\/index.php\/wp-json\/wp\/v2\/posts"}],"about":[{"href":"https:\/\/vozdeloeste.com\/index.php\/wp-json\/wp\/v2\/types\/post"}],"author":[{"embeddable":true,"href":"https:\/\/vozdeloeste.com\/index.php\/wp-json\/wp\/v2\/users\/1"}],"replies":[{"embeddable":true,"href":"https:\/\/vozdeloeste.com\/index.php\/wp-json\/wp\/v2\/comments?post=5013"}],"version-history":[{"count":1,"href":"https:\/\/vozdeloeste.com\/index.php\/wp-json\/wp\/v2\/posts\/5013\/revisions"}],"predecessor-version":[{"id":5016,"href":"https:\/\/vozdeloeste.com\/index.php\/wp-json\/wp\/v2\/posts\/5013\/revisions\/5016"}],"wp:featuredmedia":[{"embeddable":true,"href":"https:\/\/vozdeloeste.com\/index.php\/wp-json\/wp\/v2\/media\/5015"}],"wp:attachment":[{"href":"https:\/\/vozdeloeste.com\/index.php\/wp-json\/wp\/v2\/media?parent=5013"}],"wp:term":[{"taxonomy":"category","embeddable":true,"href":"https:\/\/vozdeloeste.com\/index.php\/wp-json\/wp\/v2\/categories?post=5013"},{"taxonomy":"post_tag","embeddable":true,"href":"https:\/\/vozdeloeste.com\/index.php\/wp-json\/wp\/v2\/tags?post=5013"}],"curies":[{"name":"wp","href":"https:\/\/api.w.org\/{rel}","templated":true}]}}