{"id":5009,"date":"2024-03-05T09:54:51","date_gmt":"2024-03-05T12:54:51","guid":{"rendered":"https:\/\/vozdeloeste.com\/?p=5009"},"modified":"2024-03-05T09:54:53","modified_gmt":"2024-03-05T12:54:53","slug":"merlo-primera-clase-del-curso-de-directores-tecnicos","status":"publish","type":"post","link":"https:\/\/vozdeloeste.com\/index.php\/2024\/03\/05\/merlo-primera-clase-del-curso-de-directores-tecnicos\/","title":{"rendered":"MERLO: PRIMERA CLASE DEL CURSO DE DIRECTORES TECNICOS"},"content":{"rendered":"\n<p>A trav\u00e9s de la Subsecretaria de Deportes se llevo a cabo la primer clase del curso itinerante e intensivo para directores t\u00e9cnicos.<\/p>\n\n\n\n<p>Entrenadores de las divisionales infantiles, que est\u00e1n de la \u201cA\u201d a la \u201cD\u201d, f\u00fatbol 11 y f\u00fatbol femenino participaron del primer encuentro, dirigido por \u00e1rbitros profesionales, profesores de educaci\u00f3n f\u00edsica y t\u00e9cnicos. El objetivo es que los DTs est\u00e9n preparados para la Liga Municipal.<\/p>\n\n\n\n<p>En el lugar estuvo el subsecretario de Deportes, Mauro Schmahl, que destac\u00f3: \u201cRealizamos este curso para todos los t\u00e9cnicos, para que puedan continuar form\u00e1ndolos y trabajando en conjunto cerca de los clubes de barrio\u201d.<\/p>\n\n\n\n<figure class=\"wp-block-image size-full\"><img loading=\"lazy\" decoding=\"async\" width=\"1200\" height=\"675\" src=\"https:\/\/vozdeloeste.com\/wp-content\/uploads\/2024\/03\/CURSOS-TECNICOS-2.jpg\" alt=\"\" class=\"wp-image-5010\"\/><\/figure>\n\n\n\n<p>Asimismo, el funcionario municipal destac\u00f3 que se trata de cursos itinerantes para directores t\u00e9cnicos, donde tienen una vigencia de un a\u00f1o. De esta forma, tambi\u00e9n est\u00e1n abiertos los cursos anuales, que se desarrollan de forma gratuita.<\/p>\n\n\n\n<p>Estas capacitaciones forman parte del plan de formaci\u00f3n que lleva adelante la Subsecretar\u00eda de Deportes, dentro del marco de las pol\u00edticas p\u00fablicas que impulsa Gustavo Men\u00e9ndez desde el Gobierno Municipal. De esta forma, se acerca el deporte para todos los vecinos y vecinas del distrito.<\/p>\n\n\n\n<p> <\/p>\n","protected":false},"excerpt":{"rendered":"<p>A trav\u00e9s de la Subsecretaria de Deportes se llevo a cabo la primer clase del [&hellip;]<\/p>\n","protected":false},"author":1,"featured_media":5011,"comment_status":"closed","ping_status":"closed","sticky":false,"template":"","format":"standard","meta":{"footnotes":""},"categories":[86],"tags":[249,35,248,36,247],"class_list":["post-5009","post","type-post","status-publish","format-standard","has-post-thumbnail","hentry","category-deportes-merlo","tag-curso-de-director-tecnico","tag-intendencia-menendez","tag-mauro-schmahl","tag-merlo","tag-subsecretaria-de-deportes"],"aioseo_notices":[],"_links":{"self":[{"href":"https:\/\/vozdeloeste.com\/index.php\/wp-json\/wp\/v2\/posts\/5009","targetHints":{"allow":["GET"]}}],"collection":[{"href":"https:\/\/vozdeloeste.com\/index.php\/wp-json\/wp\/v2\/posts"}],"about":[{"href":"https:\/\/vozdeloeste.com\/index.php\/wp-json\/wp\/v2\/types\/post"}],"author":[{"embeddable":true,"href":"https:\/\/vozdeloeste.com\/index.php\/wp-json\/wp\/v2\/users\/1"}],"replies":[{"embeddable":true,"href":"https:\/\/vozdeloeste.com\/index.php\/wp-json\/wp\/v2\/comments?post=5009"}],"version-history":[{"count":1,"href":"https:\/\/vozdeloeste.com\/index.php\/wp-json\/wp\/v2\/posts\/5009\/revisions"}],"predecessor-version":[{"id":5012,"href":"https:\/\/vozdeloeste.com\/index.php\/wp-json\/wp\/v2\/posts\/5009\/revisions\/5012"}],"wp:featuredmedia":[{"embeddable":true,"href":"https:\/\/vozdeloeste.com\/index.php\/wp-json\/wp\/v2\/media\/5011"}],"wp:attachment":[{"href":"https:\/\/vozdeloeste.com\/index.php\/wp-json\/wp\/v2\/media?parent=5009"}],"wp:term":[{"taxonomy":"category","embeddable":true,"href":"https:\/\/vozdeloeste.com\/index.php\/wp-json\/wp\/v2\/categories?post=5009"},{"taxonomy":"post_tag","embeddable":true,"href":"https:\/\/vozdeloeste.com\/index.php\/wp-json\/wp\/v2\/tags?post=5009"}],"curies":[{"name":"wp","href":"https:\/\/api.w.org\/{rel}","templated":true}]}}