{"id":5003,"date":"2024-02-28T09:33:54","date_gmt":"2024-02-28T12:33:54","guid":{"rendered":"https:\/\/vozdeloeste.com\/?p=5003"},"modified":"2024-02-28T09:33:55","modified_gmt":"2024-02-28T12:33:55","slug":"el-gobierno-iniciara-la-eliminacion-del-lenguaje-inclusivo","status":"publish","type":"post","link":"https:\/\/vozdeloeste.com\/index.php\/2024\/02\/28\/el-gobierno-iniciara-la-eliminacion-del-lenguaje-inclusivo\/","title":{"rendered":"EL GOBIERNO INICIAR\u00c1 LA ELIMINACI\u00d3N DEL LENGUAJE INCLUSIVO"},"content":{"rendered":"\n<h5 class=\"wp-block-heading\"><strong>Por decisi\u00f3n de Milei, el Gobierno&nbsp;\u201ciniciar\u00e1 las actuaciones para prohibir el lenguaje inclusivo y la perspectiva de g\u00e9nero en toda la Administraci\u00f3n P\u00fablica Nacional\u201d.<\/strong><\/h5>\n\n\n\n<p>As\u00ed lo informo el vocero presidencial, Manuel Adorni en la habitual conferencia de prensa matutina llevada a cabo en la Casa Rosada.<\/p>\n\n\n\n<p>Por otro lado, el vocero presidencial,&nbsp;<strong>Manuel Adorni<\/strong>, asegur\u00f3 este martes que el Gobierno no tiene previsto, al menos \u201cpor el momento\u201d, convocar a los gobernadores de las provincias a una reuni\u00f3n \u201cen general\u201d.<\/p>\n\n\n\n<p>Todo para abordar la disputa pol\u00edtica que la mayor\u00eda de ellos mantiene con el Ejecutivo nacional como consecuencia de los recortes de fondos y subsidios aplicados en las \u00faltimas semanas a los distritos.<\/p>\n","protected":false},"excerpt":{"rendered":"<p>Por decisi\u00f3n de Milei, el Gobierno&nbsp;\u201ciniciar\u00e1 las actuaciones para prohibir el lenguaje inclusivo y la [&hellip;]<\/p>\n","protected":false},"author":1,"featured_media":5004,"comment_status":"closed","ping_status":"closed","sticky":false,"template":"","format":"standard","meta":{"footnotes":""},"categories":[43],"tags":[89,244,132,100],"class_list":["post-5003","post","type-post","status-publish","format-standard","has-post-thumbnail","hentry","category-sociedad-nacional","tag-argentina","tag-eliminacion-del-lenguaje-inclusivo","tag-javier-milei","tag-sociedad"],"aioseo_notices":[],"_links":{"self":[{"href":"https:\/\/vozdeloeste.com\/index.php\/wp-json\/wp\/v2\/posts\/5003","targetHints":{"allow":["GET"]}}],"collection":[{"href":"https:\/\/vozdeloeste.com\/index.php\/wp-json\/wp\/v2\/posts"}],"about":[{"href":"https:\/\/vozdeloeste.com\/index.php\/wp-json\/wp\/v2\/types\/post"}],"author":[{"embeddable":true,"href":"https:\/\/vozdeloeste.com\/index.php\/wp-json\/wp\/v2\/users\/1"}],"replies":[{"embeddable":true,"href":"https:\/\/vozdeloeste.com\/index.php\/wp-json\/wp\/v2\/comments?post=5003"}],"version-history":[{"count":1,"href":"https:\/\/vozdeloeste.com\/index.php\/wp-json\/wp\/v2\/posts\/5003\/revisions"}],"predecessor-version":[{"id":5005,"href":"https:\/\/vozdeloeste.com\/index.php\/wp-json\/wp\/v2\/posts\/5003\/revisions\/5005"}],"wp:featuredmedia":[{"embeddable":true,"href":"https:\/\/vozdeloeste.com\/index.php\/wp-json\/wp\/v2\/media\/5004"}],"wp:attachment":[{"href":"https:\/\/vozdeloeste.com\/index.php\/wp-json\/wp\/v2\/media?parent=5003"}],"wp:term":[{"taxonomy":"category","embeddable":true,"href":"https:\/\/vozdeloeste.com\/index.php\/wp-json\/wp\/v2\/categories?post=5003"},{"taxonomy":"post_tag","embeddable":true,"href":"https:\/\/vozdeloeste.com\/index.php\/wp-json\/wp\/v2\/tags?post=5003"}],"curies":[{"name":"wp","href":"https:\/\/api.w.org\/{rel}","templated":true}]}}