{"id":4972,"date":"2024-01-31T11:33:40","date_gmt":"2024-01-31T14:33:40","guid":{"rendered":"https:\/\/vozdeloeste.com\/?p=4972"},"modified":"2024-01-31T11:33:41","modified_gmt":"2024-01-31T14:33:41","slug":"talleres-gratuitos-en-merlo","status":"publish","type":"post","link":"https:\/\/vozdeloeste.com\/index.php\/2024\/01\/31\/talleres-gratuitos-en-merlo\/","title":{"rendered":"TALLERES GRATUITOS EN MERLO"},"content":{"rendered":"\n<h2 class=\"wp-block-heading\"><strong>Distintas actividades gratuitas se llevar\u00e1n a cabo en Merlo en el mes de febrero. El \u00e1rea municipal de Cultura ofrecer\u00e1 talleres culturales de danzas, yoga, arte, molderia y diferentes instrumentos.<\/strong><\/h2>\n\n\n\n<p>Durante el mes de febrero, los espacios culturales de Merlo ser\u00e1n la sede para cursos y talleres de verano.<strong>&nbsp;De manera gratuita el municipio abre sus puertas<\/strong>&nbsp;para que los vecinos y vecinas sean parte de la capacitaci\u00f3n y actividades recreativas de manera intensiva.<\/p>\n\n\n\n<p>Los talleres culturales abiertos disponibles son:<\/p>\n\n\n\n<ul class=\"wp-block-list\">\n<li>Yoga<\/li>\n\n\n\n<li>Arte para ni\u00f1os y adultos<\/li>\n\n\n\n<li>Molder\u00eda<\/li>\n\n\n\n<li>Folclore para adultos<\/li>\n\n\n\n<li>Coro Infantil<\/li>\n\n\n\n<li>Canto<\/li>\n\n\n\n<li>Tango<\/li>\n\n\n\n<li>Teatro<\/li>\n\n\n\n<li>Percusi\u00f3n Afrolatina<\/li>\n\n\n\n<li>Viol\u00edn<\/li>\n\n\n\n<li>Rock<\/li>\n<\/ul>\n\n\n\n<figure class=\"wp-block-image\"><a href=\"data:image\/gif;base64,R0lGODlhAQABAAAAACH5BAEKAAEALAAAAAABAAEAAAICTAEAOw==\"><img decoding=\"async\" src=\"https:\/\/bunker949.com\/wp-content\/uploads\/2024\/01\/DSC06799-1024x576.jpg\" alt=\"\" class=\"wp-image-26173\"\/><\/a><\/figure>\n\n\n\n<p>De manera libre y gratuita, los espacios se mantienen abiertos para distintas edades. Los<a href=\"https:\/\/www.merlo.gob.ar\/talleresculturales\/\" target=\"_blank\" rel=\"noreferrer noopener\"><strong>&nbsp;talleres culturales&nbsp;<\/strong><\/a>tendr\u00e1n lugar en la&nbsp;<strong>Casa de la Cultura<\/strong>&nbsp;(Avenida Calle Real y Padre Espinal),&nbsp;<strong>Espacio Multiart<\/strong>&nbsp;(Riobamba y Pasteur) y el&nbsp;<strong>Parque Cultural de Padua<\/strong>&nbsp;(Avenida Presidente Per\u00f3n 23.850).<\/p>\n\n\n\n<p>En la temporada de verano 2024, el distrito bonaerense a trav\u00e9s de la Secretar\u00eda de Cultura ofrece una amplia cartilla de cursos, talleres culturales, cl\u00ednicas y seminarios a fin de brindar acceso a la recreaci\u00f3n y formaci\u00f3n gratuita.<\/p>\n","protected":false},"excerpt":{"rendered":"<p>Distintas actividades gratuitas se llevar\u00e1n a cabo en Merlo en el mes de febrero. El [&hellip;]<\/p>\n","protected":false},"author":1,"featured_media":4973,"comment_status":"closed","ping_status":"closed","sticky":false,"template":"","format":"standard","meta":{"footnotes":""},"categories":[57],"tags":[231,35,36,100,230],"class_list":["post-4972","post","type-post","status-publish","format-standard","has-post-thumbnail","hentry","category-cultura-merlo","tag-casa-de-la-cultura-de-merlo","tag-intendencia-menendez","tag-merlo","tag-sociedad","tag-talleres-gratuitos"],"aioseo_notices":[],"_links":{"self":[{"href":"https:\/\/vozdeloeste.com\/index.php\/wp-json\/wp\/v2\/posts\/4972","targetHints":{"allow":["GET"]}}],"collection":[{"href":"https:\/\/vozdeloeste.com\/index.php\/wp-json\/wp\/v2\/posts"}],"about":[{"href":"https:\/\/vozdeloeste.com\/index.php\/wp-json\/wp\/v2\/types\/post"}],"author":[{"embeddable":true,"href":"https:\/\/vozdeloeste.com\/index.php\/wp-json\/wp\/v2\/users\/1"}],"replies":[{"embeddable":true,"href":"https:\/\/vozdeloeste.com\/index.php\/wp-json\/wp\/v2\/comments?post=4972"}],"version-history":[{"count":1,"href":"https:\/\/vozdeloeste.com\/index.php\/wp-json\/wp\/v2\/posts\/4972\/revisions"}],"predecessor-version":[{"id":4974,"href":"https:\/\/vozdeloeste.com\/index.php\/wp-json\/wp\/v2\/posts\/4972\/revisions\/4974"}],"wp:featuredmedia":[{"embeddable":true,"href":"https:\/\/vozdeloeste.com\/index.php\/wp-json\/wp\/v2\/media\/4973"}],"wp:attachment":[{"href":"https:\/\/vozdeloeste.com\/index.php\/wp-json\/wp\/v2\/media?parent=4972"}],"wp:term":[{"taxonomy":"category","embeddable":true,"href":"https:\/\/vozdeloeste.com\/index.php\/wp-json\/wp\/v2\/categories?post=4972"},{"taxonomy":"post_tag","embeddable":true,"href":"https:\/\/vozdeloeste.com\/index.php\/wp-json\/wp\/v2\/tags?post=4972"}],"curies":[{"name":"wp","href":"https:\/\/api.w.org\/{rel}","templated":true}]}}