{"id":4883,"date":"2024-01-05T10:31:23","date_gmt":"2024-01-05T13:31:23","guid":{"rendered":"https:\/\/vozdeloeste.com\/?p=4883"},"modified":"2024-01-23T10:37:02","modified_gmt":"2024-01-23T13:37:02","slug":"nuevas-actividades-en-el-polo-audiovisual-de-merlo","status":"publish","type":"post","link":"https:\/\/vozdeloeste.com\/index.php\/2024\/01\/05\/nuevas-actividades-en-el-polo-audiovisual-de-merlo\/","title":{"rendered":"NUEVAS ACTIVIDADES EN EL POLO AUDIOVISUAL DE MERLO"},"content":{"rendered":"\n<p>El&nbsp;Polo Audiovisual se convierte con la llegada del verano en el epicentro de actividades culturales y de formaci\u00f3n para los habitantes de la zona.Desde el 11 de enero, se llevar\u00e1n a cabo diversas capacitaciones y charlas gratuitas en la calle Carlos Pellegrini 236.<\/p>\n\n\n\n<p>La apertura estar\u00e1 marcada por la charla \u201cEl audiovisual argentino, \u00bfes posible producir sin el Estado?\u201d, a cargo de Marcelo Schapses. Seguido de esto, el 12 de enero, a partir de las 19 horas, se ofrecer\u00e1 una cl\u00ednica de direcci\u00f3n de arte destinada a mayores de 16 a\u00f1os.<\/p>\n\n\n\n<figure class=\"wp-block-image size-full is-resized\"><img loading=\"lazy\" decoding=\"async\" width=\"682\" height=\"685\" src=\"https:\/\/vozdeloeste.com\/wp-content\/uploads\/2024\/01\/Captura-de-pantalla-2024-01-23-103140.png\" alt=\"\" class=\"wp-image-4885\" style=\"width:560px;height:auto\"\/><\/figure>\n\n\n\n<p>Para quienes buscan capacitarse de manera independiente con bajos recursos, se llevar\u00e1 a cabo un seminario de realizaci\u00f3n audiovisual el 15 de enero, dictado por el profesor Guille Conema, dirigido a j\u00f3venes a partir de los 16 a\u00f1os.<\/p>\n\n\n\n<p>La oferta contin\u00faa con un taller de guion enfocado en la ficci\u00f3n, impartido por Lauro Racosky, as\u00ed como cl\u00ednicas de improvisaci\u00f3n teatral, m\u00edmica, canto para la formaci\u00f3n de repertorio, t\u00e9cnica vocal y un seminario de reciclado de materiales audiovisuales.<\/p>\n\n\n\n<figure class=\"wp-block-image size-full is-resized\"><img loading=\"lazy\" decoding=\"async\" width=\"680\" height=\"681\" src=\"https:\/\/vozdeloeste.com\/wp-content\/uploads\/2024\/01\/Captura-de-pantalla-2024-01-23-103246.png\" alt=\"\" class=\"wp-image-4886\" style=\"width:554px;height:auto\"\/><\/figure>\n\n\n\n<p>Para obtener m\u00e1s detalles e inscripciones, se invita a comunicarse a trav\u00e9s del correo electr\u00f3nico poloaudiovisualmerlo@gmail.com o acercarse personalmente a la direcci\u00f3n en Carlos Pellegrini 236, entre Rawson y 25 de Mayo. Una oportunidad imperdible para aquellos que buscan nutrirse de conocimiento y experiencia en el \u00e1mbito audiovisual.<\/p>\n","protected":false},"excerpt":{"rendered":"<p>El&nbsp;Polo Audiovisual se convierte con la llegada del verano en el epicentro de actividades culturales [&hellip;]<\/p>\n","protected":false},"author":1,"featured_media":4884,"comment_status":"open","ping_status":"open","sticky":false,"template":"","format":"standard","meta":{"footnotes":""},"categories":[57],"tags":[178,35,36,177],"class_list":["post-4883","post","type-post","status-publish","format-standard","has-post-thumbnail","hentry","category-cultura-merlo","tag-capacitaciones-gratuitas","tag-intendencia-menendez","tag-merlo","tag-polo-audiovisual-de-merlo"],"aioseo_notices":[],"_links":{"self":[{"href":"https:\/\/vozdeloeste.com\/index.php\/wp-json\/wp\/v2\/posts\/4883","targetHints":{"allow":["GET"]}}],"collection":[{"href":"https:\/\/vozdeloeste.com\/index.php\/wp-json\/wp\/v2\/posts"}],"about":[{"href":"https:\/\/vozdeloeste.com\/index.php\/wp-json\/wp\/v2\/types\/post"}],"author":[{"embeddable":true,"href":"https:\/\/vozdeloeste.com\/index.php\/wp-json\/wp\/v2\/users\/1"}],"replies":[{"embeddable":true,"href":"https:\/\/vozdeloeste.com\/index.php\/wp-json\/wp\/v2\/comments?post=4883"}],"version-history":[{"count":1,"href":"https:\/\/vozdeloeste.com\/index.php\/wp-json\/wp\/v2\/posts\/4883\/revisions"}],"predecessor-version":[{"id":4887,"href":"https:\/\/vozdeloeste.com\/index.php\/wp-json\/wp\/v2\/posts\/4883\/revisions\/4887"}],"wp:featuredmedia":[{"embeddable":true,"href":"https:\/\/vozdeloeste.com\/index.php\/wp-json\/wp\/v2\/media\/4884"}],"wp:attachment":[{"href":"https:\/\/vozdeloeste.com\/index.php\/wp-json\/wp\/v2\/media?parent=4883"}],"wp:term":[{"taxonomy":"category","embeddable":true,"href":"https:\/\/vozdeloeste.com\/index.php\/wp-json\/wp\/v2\/categories?post=4883"},{"taxonomy":"post_tag","embeddable":true,"href":"https:\/\/vozdeloeste.com\/index.php\/wp-json\/wp\/v2\/tags?post=4883"}],"curies":[{"name":"wp","href":"https:\/\/api.w.org\/{rel}","templated":true}]}}