{"id":4651,"date":"2024-01-09T10:21:20","date_gmt":"2024-01-09T13:21:20","guid":{"rendered":"https:\/\/ambanoticia.com\/?p=4651"},"modified":"2024-01-23T09:47:46","modified_gmt":"2024-01-23T12:47:46","slug":"paro-de-colectivos-en-la-zona-metropolitana","status":"publish","type":"post","link":"https:\/\/vozdeloeste.com\/index.php\/2024\/01\/09\/paro-de-colectivos-en-la-zona-metropolitana\/","title":{"rendered":"PARO DE COLECTIVOS EN LA ZONA METROPOLITANA"},"content":{"rendered":"\n<p>En la jornada del martes 9 de enero, la Empresa del Oeste ha dado inicio a un paro de servicios en una contundente protesta por la falta de pago de salarios a sus empleados. El inicio de esta medida de fuerza ha sido programado para las 15 horas.<\/p>\n\n\n\n<p>La compa\u00f1\u00eda encargada de operar varias l\u00edneas de colectivos en un extenso tramo que abarca desde el Norte de Tigre hasta el sur de Moreno, confirm\u00f3 el paro de 24 horas. Esto es en protesta a un retraso en el pago de los sueldos de muchos de los trabajadores.<\/p>\n\n\n\n<p>Desde la Uni\u00f3n Tranviarios Automotor (UTA), avalan esta medida de fuerza y afirmaron que el paro afectar\u00e1 a las siguientes l\u00edneas de transporte: 244, 302, 303, 320, 390, 443, 461, 462, 463 y 464. Esta situaci\u00f3n impactar\u00e1 directamente en la movilidad de miles de usuarios que utilizan diariamente estos servicios para trasladarse en la zona metropolitana.<\/p>\n\n\n\n<p>Los puntos m\u00e1s extremos de su recorrido son la parada m\u00e1s al oeste, ubicada en Merlo Y Del Libertador (Moreno), y la parada m\u00e1s al este, en Av. Gral Paz y Reconquista, CABA.<\/p>\n\n\n\n<p>La medida tomada por la entidad de transporte p\u00fablico ha despertado preocupaci\u00f3n entre los usuarios que se ven afectados por la interrupci\u00f3n del servicio. Hasta el momento, representantes sindicales y directivos de la empresa no han logrado llegar a un acuerdo, dejando en suspenso la normalizaci\u00f3n del servicio.<\/p>\n\n\n\n<p>Autoridades locales est\u00e1n al tanto de la situaci\u00f3n y est\u00e1n monitoreando e instan a las partes involucradas a resolver el conflicto de manera urgente. Teniendo en consideraci\u00f3n el impacto que tiene en la comunidad y en la movilidad de los ciudadanos.<\/p>\n\n\n\n<p>Se espera que en las pr\u00f3ximas horas se brinden actualizaciones sobre el estado de la situaci\u00f3n y la posible reanudaci\u00f3n de los servicios de transporte ofrecidos por la Empresa del Oeste.<\/p>\n","protected":false},"excerpt":{"rendered":"<p>En la jornada del martes 9 de enero, la Empresa del Oeste ha dado inicio [&hellip;]<\/p>\n","protected":false},"author":1,"featured_media":4870,"comment_status":"closed","ping_status":"closed","sticky":false,"template":"","format":"standard","meta":{"footnotes":""},"categories":[43],"tags":[147,148,100,128,149],"class_list":["post-4651","post","type-post","status-publish","format-standard","has-post-thumbnail","hentry","category-sociedad-nacional","tag-empresa-del-oeste","tag-paro-de-colectivos","tag-sociedad","tag-uta","tag-zona-metropolitana"],"aioseo_notices":[],"_links":{"self":[{"href":"https:\/\/vozdeloeste.com\/index.php\/wp-json\/wp\/v2\/posts\/4651","targetHints":{"allow":["GET"]}}],"collection":[{"href":"https:\/\/vozdeloeste.com\/index.php\/wp-json\/wp\/v2\/posts"}],"about":[{"href":"https:\/\/vozdeloeste.com\/index.php\/wp-json\/wp\/v2\/types\/post"}],"author":[{"embeddable":true,"href":"https:\/\/vozdeloeste.com\/index.php\/wp-json\/wp\/v2\/users\/1"}],"replies":[{"embeddable":true,"href":"https:\/\/vozdeloeste.com\/index.php\/wp-json\/wp\/v2\/comments?post=4651"}],"version-history":[{"count":1,"href":"https:\/\/vozdeloeste.com\/index.php\/wp-json\/wp\/v2\/posts\/4651\/revisions"}],"predecessor-version":[{"id":4871,"href":"https:\/\/vozdeloeste.com\/index.php\/wp-json\/wp\/v2\/posts\/4651\/revisions\/4871"}],"wp:featuredmedia":[{"embeddable":true,"href":"https:\/\/vozdeloeste.com\/index.php\/wp-json\/wp\/v2\/media\/4870"}],"wp:attachment":[{"href":"https:\/\/vozdeloeste.com\/index.php\/wp-json\/wp\/v2\/media?parent=4651"}],"wp:term":[{"taxonomy":"category","embeddable":true,"href":"https:\/\/vozdeloeste.com\/index.php\/wp-json\/wp\/v2\/categories?post=4651"},{"taxonomy":"post_tag","embeddable":true,"href":"https:\/\/vozdeloeste.com\/index.php\/wp-json\/wp\/v2\/tags?post=4651"}],"curies":[{"name":"wp","href":"https:\/\/api.w.org\/{rel}","templated":true}]}}