{"id":3906,"date":"2023-12-04T14:06:00","date_gmt":"2023-12-04T14:06:00","guid":{"rendered":"http:\/\/merloaldia.com\/?p=3906"},"modified":"2023-12-04T14:06:00","modified_gmt":"2023-12-04T14:06:00","slug":"exito-en-el-torneo-infantil-de-futbol-municipal","status":"publish","type":"post","link":"https:\/\/vozdeloeste.com\/index.php\/2023\/12\/04\/exito-en-el-torneo-infantil-de-futbol-municipal\/","title":{"rendered":"\u00c9XITO EN EL TORNEO INFANTIL DE F\u00daTBOL MUNICIPAL"},"content":{"rendered":"\n<p><strong>M\u00e1s de 15 mil ni\u00f1os fueron parte de la final del torneo municipal, evento organizado por la Subsecretar\u00eda de Deportes. El Club Ferro de Merlo Norte fue el escenario de esta emocionante competici\u00f3n, contando con la destacada presencia del Intendente Gustavo Men\u00e9ndez.<\/strong><\/p>\n\n\n\n<p>La 9na final de la Liga Municipal cont\u00f3 con la participaci\u00f3n de 90 clubes deportivos de Merlo, distribuidos en 5 categor\u00edas distintas, con equipos conformados por j\u00f3venes de 5 a 15 a\u00f1os.<\/p>\n\n\n\n<figure class=\"wp-block-image size-full\"><img decoding=\"async\" src=\"https:\/\/ambanoticia.com\/wp-content\/uploads\/2023\/12\/image.png\" alt=\"\" class=\"wp-image-3907\"\/><\/figure>\n\n\n\n<figure class=\"wp-block-image size-full\"><img decoding=\"async\" src=\"https:\/\/ambanoticia.com\/wp-content\/uploads\/2023\/12\/image-1.png\" alt=\"\" class=\"wp-image-3908\"\/><\/figure>\n\n\n\n<figure class=\"wp-block-image size-full\"><img decoding=\"async\" src=\"https:\/\/ambanoticia.com\/wp-content\/uploads\/2023\/12\/image-2.png\" alt=\"\" class=\"wp-image-3909\"\/><\/figure>\n\n\n\n<p>El intendente Men\u00e9ndez destac\u00f3 la maravillosa competencia vivida y se\u00f1al\u00f3 que en Merlo se promueve el deporte como un estilo de vida para alejar a los ni\u00f1os de influencias negativas. El Subsecretario de Deportes, Mauro Schmahl, expres\u00f3 su satisfacci\u00f3n por otro a\u00f1o consecutivo de esta liga gratuita, destacando el trabajo conjunto que permite el crecimiento de los clubes de barrio.<\/p>\n\n\n\n<p>La iniciativa de la Municipalidad de Merlo destaca el compromiso con el desarrollo deportivo local, incentivando la formaci\u00f3n de j\u00f3venes atletas y fortaleciendo la pr\u00e1ctica de disciplinas de manera gratuita, al tiempo que promueve la construcci\u00f3n de v\u00ednculos y el trabajo en equipo.<\/p>\n","protected":false},"excerpt":{"rendered":"<p>M\u00e1s de 15 mil ni\u00f1os fueron parte de la final del torneo municipal, evento organizado [&hellip;]<\/p>\n","protected":false},"author":1,"featured_media":3910,"comment_status":"closed","ping_status":"closed","sticky":false,"template":"","format":"standard","meta":{"footnotes":""},"categories":[86],"tags":[85,97,35,98,36,99,87,100,101],"class_list":["post-3906","post","type-post","status-publish","format-standard","has-post-thumbnail","hentry","category-deportes-merlo","tag-deportes","tag-gustavo-menendez","tag-intendencia-menendez","tag-karina-menendez","tag-merlo","tag-merlo-norte","tag-municipio-de-merlo","tag-sociedad","tag-torneo-municipal-de-futbol-infantil"],"aioseo_notices":[],"_links":{"self":[{"href":"https:\/\/vozdeloeste.com\/index.php\/wp-json\/wp\/v2\/posts\/3906","targetHints":{"allow":["GET"]}}],"collection":[{"href":"https:\/\/vozdeloeste.com\/index.php\/wp-json\/wp\/v2\/posts"}],"about":[{"href":"https:\/\/vozdeloeste.com\/index.php\/wp-json\/wp\/v2\/types\/post"}],"author":[{"embeddable":true,"href":"https:\/\/vozdeloeste.com\/index.php\/wp-json\/wp\/v2\/users\/1"}],"replies":[{"embeddable":true,"href":"https:\/\/vozdeloeste.com\/index.php\/wp-json\/wp\/v2\/comments?post=3906"}],"version-history":[{"count":0,"href":"https:\/\/vozdeloeste.com\/index.php\/wp-json\/wp\/v2\/posts\/3906\/revisions"}],"wp:featuredmedia":[{"embeddable":true,"href":"https:\/\/vozdeloeste.com\/index.php\/wp-json\/"}],"wp:attachment":[{"href":"https:\/\/vozdeloeste.com\/index.php\/wp-json\/wp\/v2\/media?parent=3906"}],"wp:term":[{"taxonomy":"category","embeddable":true,"href":"https:\/\/vozdeloeste.com\/index.php\/wp-json\/wp\/v2\/categories?post=3906"},{"taxonomy":"post_tag","embeddable":true,"href":"https:\/\/vozdeloeste.com\/index.php\/wp-json\/wp\/v2\/tags?post=3906"}],"curies":[{"name":"wp","href":"https:\/\/api.w.org\/{rel}","templated":true}]}}