{"id":3864,"date":"2023-11-06T15:34:13","date_gmt":"2023-11-06T15:34:13","guid":{"rendered":"http:\/\/merloaldia.com\/?p=3864"},"modified":"2024-01-23T13:17:20","modified_gmt":"2024-01-23T16:17:20","slug":"boca-renuncio-almiron","status":"publish","type":"post","link":"https:\/\/vozdeloeste.com\/index.php\/2023\/11\/06\/boca-renuncio-almiron\/","title":{"rendered":"BOCA: RENUNCI\u00d3 ALMIR\u00d3N"},"content":{"rendered":"\n<p><strong> Tras perder la final de la Libertadores, Miguel Almir\u00f3n puso a disposici\u00f3n de la dirigencia de boca \u00a0renuncia.<\/strong><\/p>\n\n\n\n<p>Boca perdi\u00f3 por 2 a 1 contra&nbsp;<a href=\"https:\/\/twitter.com\/FluminenseFC\">Fluminense<\/a>, la posibilidad de ganar la tan ansiada s\u00e9ptima copa Libertadores. El conjunto brasile\u00f1o obtuvo su primera Copa Libertadores de Am\u00e9rica.<\/p>\n\n\n\n<p>Con la renuncia ya consumada de todo su cuerpo t\u00e9cnico el encargado de dirigir los pr\u00f3ximos partidos del conjunto xeneize ser\u00e1 Mariano Herr\u00f3n, t\u00e9cnico de la reserva que ya estuvo a cargo del equipo en la transici\u00f3n entre Ibarra y Almiron.<\/p>\n\n\n\n<p>Por otro lado cabe destacar que al ser un a\u00f1o de elecciones en el club, Juan Rom\u00e1n Riquelme no quiere tomar una decisi\u00f3n apresurada para elegir un nuevo Dt y condicionar el futuro. Tambi\u00e9n en la \u00f3rbita de los presidenciales aparece otra vez el nombre de Mauricio Macri, uno de los presidentes m\u00e1s ganadores de la historia de boca.<\/p>\n\n\n\n<p>Lo danza de nombres son muchos desde la vuelta de Guillermo Barros Schelotto, Gabriel Milito que esta esperanzo una oferta para dirigir Europa, m\u00e1s precisamente el Zaragoza en donde fue jugador y figura, tambi\u00e9n el experimentado Ricardo Gareca que no tuvo un buen paso por velez este a\u00f1o, y Fernando Gago que se fue de Racing con pol\u00e9mica con muchos de los jugadores. &nbsp;<\/p>\n\n\n\n<figure class=\"wp-block-image\"><a href=\"https:\/\/i0.wp.com\/somosprovincia.com\/wp-content\/uploads\/2023\/11\/WhatsApp-Image-2023-11-06-at-12.12.10.jpeg?resize=696%2C822&amp;ssl=1\"><img decoding=\"async\" src=\"https:\/\/i0.wp.com\/somosprovincia.com\/wp-content\/uploads\/2023\/11\/WhatsApp-Image-2023-11-06-at-12.12.10.jpeg?resize=696%2C822&amp;ssl=1\" alt=\"\" class=\"wp-image-31810\"\/><\/a><\/figure>\n","protected":false},"excerpt":{"rendered":"<p>Tras perder la final de la Libertadores, Miguel Almir\u00f3n puso a disposici\u00f3n de la dirigencia [&hellip;]<\/p>\n","protected":false},"author":1,"featured_media":4956,"comment_status":"closed","ping_status":"closed","sticky":false,"template":"","format":"standard","meta":{"footnotes":""},"categories":[53],"tags":[51,52,54,55],"class_list":["post-3864","post","type-post","status-publish","format-standard","has-post-thumbnail","hentry","category-deporte-nacional","tag-almiron","tag-boca","tag-libertadores","tag-renuncio"],"aioseo_notices":[],"_links":{"self":[{"href":"https:\/\/vozdeloeste.com\/index.php\/wp-json\/wp\/v2\/posts\/3864","targetHints":{"allow":["GET"]}}],"collection":[{"href":"https:\/\/vozdeloeste.com\/index.php\/wp-json\/wp\/v2\/posts"}],"about":[{"href":"https:\/\/vozdeloeste.com\/index.php\/wp-json\/wp\/v2\/types\/post"}],"author":[{"embeddable":true,"href":"https:\/\/vozdeloeste.com\/index.php\/wp-json\/wp\/v2\/users\/1"}],"replies":[{"embeddable":true,"href":"https:\/\/vozdeloeste.com\/index.php\/wp-json\/wp\/v2\/comments?post=3864"}],"version-history":[{"count":1,"href":"https:\/\/vozdeloeste.com\/index.php\/wp-json\/wp\/v2\/posts\/3864\/revisions"}],"predecessor-version":[{"id":4957,"href":"https:\/\/vozdeloeste.com\/index.php\/wp-json\/wp\/v2\/posts\/3864\/revisions\/4957"}],"wp:featuredmedia":[{"embeddable":true,"href":"https:\/\/vozdeloeste.com\/index.php\/wp-json\/wp\/v2\/media\/4956"}],"wp:attachment":[{"href":"https:\/\/vozdeloeste.com\/index.php\/wp-json\/wp\/v2\/media?parent=3864"}],"wp:term":[{"taxonomy":"category","embeddable":true,"href":"https:\/\/vozdeloeste.com\/index.php\/wp-json\/wp\/v2\/categories?post=3864"},{"taxonomy":"post_tag","embeddable":true,"href":"https:\/\/vozdeloeste.com\/index.php\/wp-json\/wp\/v2\/tags?post=3864"}],"curies":[{"name":"wp","href":"https:\/\/api.w.org\/{rel}","templated":true}]}}