{"id":3854,"date":"2023-11-01T15:29:19","date_gmt":"2023-11-01T15:29:19","guid":{"rendered":"http:\/\/merloaldia.com\/?p=3854"},"modified":"2023-11-01T15:29:19","modified_gmt":"2023-11-01T15:29:19","slug":"massa-nuevas-medidas-para-los-trabajadores-de-plataformas-digitales","status":"publish","type":"post","link":"https:\/\/vozdeloeste.com\/index.php\/2023\/11\/01\/massa-nuevas-medidas-para-los-trabajadores-de-plataformas-digitales\/","title":{"rendered":"MASSA: NUEVAS MEDIDAS PARA LOS TRABAJADORES DE PLATAFORMAS DIGITALES"},"content":{"rendered":"\n<p><strong>\u201cEstamos poniendo en marcha para los trabajadores de econom\u00eda de plataforma una protecci\u00f3n que garantiza el acceso a la ART, cobertura de obra social y derecho a la jubilaci\u00f3n\u201d<\/strong>, se\u00f1al\u00f3 el candidato a presidente de Uni\u00f3n por la Patria.<\/p>\n\n\n\n<p>El ministro de Econom\u00eda,&nbsp;<strong>Sergio Massa<\/strong>, dialog\u00f3 con los&nbsp;<strong>trabajadores de entrega de comida r\u00e1pida y productos<\/strong>&nbsp;para avanzar en una serie de medidas de protecci\u00f3n laboral. Desde el Estado, se busca brindar mayores herramientas que mejoren las condiciones de la actividad y garantiza derechos a los repartidores.<\/p>\n\n\n\n<figure class=\"wp-block-image\"><img decoding=\"async\" src=\"https:\/\/i0.wp.com\/soloprovincia.com.ar\/wp-content\/uploads\/2023\/11\/Captura-de-pantalla-2023-11-01-104656.png?resize=696%2C387\" alt=\"\" class=\"wp-image-46294\"\/><\/figure>\n\n\n\n<p>Para Massa el objetivo es que&nbsp;<strong>\u201cese trabajador que anda en la moto, en la bici, en la calle repartiendo, no tenga un accidente y se quede sin ingreso, no tenga p\u00e9rdida del derecho jubilatorio, sino que est\u00e9 protegido por el Estado\u201d<\/strong>.<\/p>\n\n\n\n<p>Asimismo, desde el Palacio de Hacienda informaron que se har\u00eda una prueba piloto de&nbsp;<strong>60 d\u00edas a partir del 15 de diciembre<\/strong>. Una vez completado el plazo, se busca analizar los resultados y obtener una s\u00edntesis de informaci\u00f3n para crear&nbsp;<strong>un<\/strong>&nbsp;<strong>proyecto de ley de regulaci\u00f3n de la actividad<\/strong>. Dentro de ese marco, deben participar todos los actores que involucran el empleo: los trabajadores, las empresas y due\u00f1os de las Apps.<\/p>\n\n\n\n<p>La meta para el Ministro es&nbsp;<strong>\u201cllegar a esos m\u00e1s de 600.000 argentinos y argentinas que muchas veces lo hacen como \u00fanico trabajo, y muchas veces como segundo trabajo, participan de las econom\u00edas de plataformas y hasta hoy estaban desprotegidos\u201d<\/strong>.<\/p>\n\n\n\n<p>Otro factor determinandte desde el Ministerio de Transporte,&nbsp;ser\u00eda la contrucci\u00f3n de \u2018<strong>25 Estaciones Recargate\u2019<\/strong>. Nuevos espacios ubicados en las estaciones de trenes del&nbsp;<strong>\u00c1rea Metropolitana de Buenos Aires<\/strong>.<\/p>\n\n\n\n<p>En las estaciones los trabajadores dispondr\u00e1n de \u00e1reas de descanso, conectividad, ba\u00f1os, c\u00e1maras de seguridad, energ\u00eda para cargar celulares y veh\u00edculos el\u00e9ctricos, lockers, m\u00e1quinas expendedoras de bebida y comida, y seguridad a la hora de dejar sus veh\u00edculos (herramienta de trabajo). Hoy en d\u00eda es<strong>&nbsp;\u201ccotidiano\u201d<\/strong>&nbsp;ver a los repartidores en esquinas, plazas y hasta veredas de locales dentro de la v\u00eda p\u00fablica que utilizan ese sector como&nbsp;<strong>\u201cdescanso\u201d<\/strong>.<\/p>\n","protected":false},"excerpt":{"rendered":"<p>\u201cEstamos poniendo en marcha para los trabajadores de econom\u00eda de plataforma una protecci\u00f3n que garantiza [&hellip;]<\/p>\n","protected":false},"author":1,"featured_media":3855,"comment_status":"closed","ping_status":"closed","sticky":false,"template":"","format":"standard","meta":{"footnotes":""},"categories":[43],"tags":[39,40,41,42],"class_list":["post-3854","post","type-post","status-publish","format-standard","has-post-thumbnail","hentry","category-sociedad-nacional","tag-massa","tag-medidas","tag-plataformas-digitales","tag-politica-3"],"aioseo_notices":[],"_links":{"self":[{"href":"https:\/\/vozdeloeste.com\/index.php\/wp-json\/wp\/v2\/posts\/3854","targetHints":{"allow":["GET"]}}],"collection":[{"href":"https:\/\/vozdeloeste.com\/index.php\/wp-json\/wp\/v2\/posts"}],"about":[{"href":"https:\/\/vozdeloeste.com\/index.php\/wp-json\/wp\/v2\/types\/post"}],"author":[{"embeddable":true,"href":"https:\/\/vozdeloeste.com\/index.php\/wp-json\/wp\/v2\/users\/1"}],"replies":[{"embeddable":true,"href":"https:\/\/vozdeloeste.com\/index.php\/wp-json\/wp\/v2\/comments?post=3854"}],"version-history":[{"count":0,"href":"https:\/\/vozdeloeste.com\/index.php\/wp-json\/wp\/v2\/posts\/3854\/revisions"}],"wp:featuredmedia":[{"embeddable":true,"href":"https:\/\/vozdeloeste.com\/index.php\/wp-json\/"}],"wp:attachment":[{"href":"https:\/\/vozdeloeste.com\/index.php\/wp-json\/wp\/v2\/media?parent=3854"}],"wp:term":[{"taxonomy":"category","embeddable":true,"href":"https:\/\/vozdeloeste.com\/index.php\/wp-json\/wp\/v2\/categories?post=3854"},{"taxonomy":"post_tag","embeddable":true,"href":"https:\/\/vozdeloeste.com\/index.php\/wp-json\/wp\/v2\/tags?post=3854"}],"curies":[{"name":"wp","href":"https:\/\/api.w.org\/{rel}","templated":true}]}}