{"id":190,"date":"2023-12-25T17:42:55","date_gmt":"2023-12-25T16:42:55","guid":{"rendered":"https:\/\/ambanoticia.com\/?p=52"},"modified":"2023-12-25T17:42:55","modified_gmt":"2023-12-25T16:42:55","slug":"comerciantes-establecen-canasta-navidena-a-3000","status":"publish","type":"post","link":"https:\/\/vozdeloeste.com\/index.php\/2023\/12\/25\/comerciantes-establecen-canasta-navidena-a-3000\/","title":{"rendered":"COMERCIANTES ESTABLECEN CANASTA NAVIDE\u00d1A A $3000"},"content":{"rendered":"\n<p>Esta medida beneficiosa abarcar\u00e1 un conjunto de ocho productos navide\u00f1os, para aliviar la carga financiera de los residentes de Merlo en medio de la actual crisis econ\u00f3mica.<\/p>\n\n\n\n<p>El intendente Gustavo Men\u00e9ndez, se reuni\u00f3 con distintos propietarios de supermercados para acordar el precio de una canasta navide\u00f1a b\u00e1sica compuesta por:<\/p>\n\n\n\n<ul class=\"wp-block-list\">\n<li>Un pan dulce<\/li>\n\n\n\n<li>Una sidra<\/li>\n\n\n\n<li>Dos budines<\/li>\n\n\n\n<li>Dos garrapi\u00f1adas<\/li>\n\n\n\n<li>Dos turrones<\/li>\n<\/ul>\n\n\n\n<p>El acuerdo se realiz\u00f3 en la Secretaria de Desarrollo Econ\u00f3mico Sustentable y cont\u00f3 con la presencia de m\u00e1s de 10 comercios merlenses. A esta iniciativa, se sumaron las cadenas de supermercados pertenecientes a la comunidad China en busca de ayudar al pueblo argentino a que todos puedan finalizar bien el a\u00f1o.<\/p>\n\n\n\n<p>En este sentido,&nbsp;<a href=\"https:\/\/www.merlo.gob.ar\/canasta-navidena-a-3-000-en-merlo\/\">Men\u00e9ndez<\/a>&nbsp;destac\u00f3:&nbsp;<em>\u201cEs un gran esfuerzo que est\u00e1n haciendo los supermercadistas trabajando absolutamente al costo, as\u00ed que estamos muy agradecidos\u201d<\/em>, y de igual manera expres\u00f3 que es una humilde manera de colaborar con los vecinos en una situaci\u00f3n que realmente es grave econ\u00f3micamente.<\/p>\n\n\n\n<h2 class=\"wp-block-heading\">ESTOS SON LOS SUPERMERCADOS ADHERIDOS A LA CANASTA NAVIDE\u00d1A:<\/h2>\n\n\n\n<ul class=\"wp-block-list\">\n<li>PARQUE SAN MART\u00cdN \u2013 \u201cAUTOSERVICIO FLOPY\u201d- FLEMING N\u00ba3101<\/li>\n\n\n\n<li>BARRIO POMPEYA- \u201cLA TRECE DISTRIBUIDORA\u201d- FILIBERTO N\u00ba1086<\/li>\n\n\n\n<li>LA TEJA \u201cMAXI2000\u201d- AV. PATRICIOS N\u00ba8024<\/li>\n\n\n\n<li>MERLO \u201cMAYORISTA DE LOS CHICOS\u201d- AV. CONSTITUCI\u00d3N N\u00ba21<\/li>\n\n\n\n<li>LIBERTAD \u201cLA GRANJA DE LILY\u201d- AV. EVA PER\u00d3N N\u00ba5500<\/li>\n\n\n\n<li>LIBERTAD-\u201cEL ABASTECEDOR\u201d- PEREYRA N\u00ba50<\/li>\n\n\n\n<li>BARRIO RIVADAVIA- \u201cEL ARCO\u201d- AV. DOMINGO SICA N\u00ba3338<\/li>\n<\/ul>\n\n\n\n<h2 class=\"wp-block-heading\">SUPERMERCADOS CHINOS ADHERIDOS A LA CANASTA NAVIDE\u00d1A:<\/h2>\n\n\n\n<ul class=\"wp-block-list\">\n<li>LIBERTAD- \u201cSPERMERCADO OSO\u201d- AV. CALLE REAL N\u00ba2140<\/li>\n\n\n\n<li>MERLO-\u201cSUPER COCO\u201d- LIBERTAD N\u00ba890<\/li>\n\n\n\n<li>LIBERTAD-\u201cLA CANASTA DEL OESTE\u201d- CARABAJAL N\u00ba933<\/li>\n\n\n\n<li>MERLO-\u201cSUPERMERCADO PEKO\u201d- AV. CALLE REAL N\u00ba536<\/li>\n\n\n\n<li>MERLO-\u201cSUPERMERCADO PEKO\u201d- AV. CALLE REAL N\u00ba177<\/li>\n\n\n\n<li>PONTEVEDRA-\u201cSUPER LUNA\u201d- AV. OTERO N\u00ba6550<\/li>\n\n\n\n<li>PONTEVEDRA- \u201cSUPER LUNA\u201d- A. T. DE ALVEAR N\u00ba640<\/li>\n\n\n\n<li>PONTEVEDRA-\u201cSUPER LUNA2- AV. OTERO N\u00ba4343<\/li>\n\n\n\n<li>MERLO NORTE-\u201cSU VECINO\u201d- AV. H. YRIGOYEN N\u00ba699<\/li>\n<\/ul>\n","protected":false},"excerpt":{"rendered":"<p>Esta medida beneficiosa abarcar\u00e1 un conjunto de ocho productos navide\u00f1os, para aliviar la carga financiera [&hellip;]<\/p>\n","protected":false},"author":1,"featured_media":53,"comment_status":"closed","ping_status":"closed","sticky":false,"template":"","format":"standard","meta":{"footnotes":""},"categories":[38],"tags":[35,36],"class_list":["post-190","post","type-post","status-publish","format-standard","has-post-thumbnail","hentry","category-sociedad-merlo","tag-intendencia-menendez","tag-merlo"],"aioseo_notices":[],"_links":{"self":[{"href":"https:\/\/vozdeloeste.com\/index.php\/wp-json\/wp\/v2\/posts\/190","targetHints":{"allow":["GET"]}}],"collection":[{"href":"https:\/\/vozdeloeste.com\/index.php\/wp-json\/wp\/v2\/posts"}],"about":[{"href":"https:\/\/vozdeloeste.com\/index.php\/wp-json\/wp\/v2\/types\/post"}],"author":[{"embeddable":true,"href":"https:\/\/vozdeloeste.com\/index.php\/wp-json\/wp\/v2\/users\/1"}],"replies":[{"embeddable":true,"href":"https:\/\/vozdeloeste.com\/index.php\/wp-json\/wp\/v2\/comments?post=190"}],"version-history":[{"count":0,"href":"https:\/\/vozdeloeste.com\/index.php\/wp-json\/wp\/v2\/posts\/190\/revisions"}],"wp:featuredmedia":[{"embeddable":true,"href":"https:\/\/vozdeloeste.com\/index.php\/wp-json\/"}],"wp:attachment":[{"href":"https:\/\/vozdeloeste.com\/index.php\/wp-json\/wp\/v2\/media?parent=190"}],"wp:term":[{"taxonomy":"category","embeddable":true,"href":"https:\/\/vozdeloeste.com\/index.php\/wp-json\/wp\/v2\/categories?post=190"},{"taxonomy":"post_tag","embeddable":true,"href":"https:\/\/vozdeloeste.com\/index.php\/wp-json\/wp\/v2\/tags?post=190"}],"curies":[{"name":"wp","href":"https:\/\/api.w.org\/{rel}","templated":true}]}}