{"id":11,"date":"2023-12-22T19:03:15","date_gmt":"2023-12-22T18:03:15","guid":{"rendered":"https:\/\/ambanoticia.com\/?p=11"},"modified":"2023-12-22T19:03:15","modified_gmt":"2023-12-22T18:03:15","slug":"municipio-de-merlo-moviliza-sus-recursos-para-asistir-a-zonas-impactadas-por-la-tormenta","status":"publish","type":"post","link":"https:\/\/vozdeloeste.com\/index.php\/2023\/12\/22\/municipio-de-merlo-moviliza-sus-recursos-para-asistir-a-zonas-impactadas-por-la-tormenta\/","title":{"rendered":"MUNICIPIO DE MERLO MOVILIZA SUS RECURSOS PARA ASISTIR A ZONAS IMPACTADAS POR LA TORMENTA"},"content":{"rendered":"\n<p>El Distrito de Merlo se vio impactado por las intensas tormentas que se desataron desde las primeras horas del domingo. Desde el amanecer, el equipo municipal se despleg\u00f3 estrat\u00e9gicamente en diversas localidades con el objetivo de brindar asistencia inmediata a los residentes, tanto hombres como mujeres, y colaborar de manera prioritaria ante las emergencias generadas por el fen\u00f3meno meteorol\u00f3gico.<\/p>\n\n\n\n<p>El fuerte temporal afect\u00f3 a toda la<strong>&nbsp;Provincia de Buenos Aires&nbsp;<\/strong>en donde realiz\u00f3 destrozos en hogares, v\u00edas p\u00fablica, gener\u00f3 cortes de luz y agua y v\u00edctimas fatales. Por su parte, el Municipio de Merlo advirti\u00f3 a los vecinos a resguardarse y coordin\u00f3 el despliegue de&nbsp;<strong>Defensa Civil, Bomberos Voluntarios de Merlo y las fuerzas de seguridad para asistir a los vecinos damnificados.<\/strong><\/p>\n\n\n\n<figure class=\"wp-block-image\"><img decoding=\"async\" src=\"https:\/\/i0.wp.com\/www.merlo.gob.ar\/portal\/wp-content\/uploads\/2023\/12\/Copy-of-DSC00428.jpg?w=696&amp;ssl=1\" alt=\"undefined\"\/><\/figure>\n\n\n\n<p>A su vez, la&nbsp;<strong>Secretar\u00eda de Delegaciones, Obras y Servicios P\u00fablicos<\/strong>, adem\u00e1s de&nbsp;<strong>Defensa Civil<\/strong>&nbsp;que contin\u00faan trabajando en las zonas. Se reportaron ca\u00eddas de \u00e1rboles, ramas, calles afectadas, casas que sufrieron destrozos, postes da\u00f1ados, sumado a cables ca\u00eddos en la v\u00eda p\u00fablica, adem\u00e1s, vecinos sufrieron la perdida de techos y carteles en el piso.<\/p>\n\n\n\n<p>Por \u00faltimo, ante cualquier emergencia, comunicarse con los equipos llamando al (0220) 483-3648 (Defensa Civil), al (0220) 482-2222- (Bomberos de Merlo) y al (0220) 499-8151 (Bomberos de Mariano Acost<\/p>\n","protected":false},"excerpt":{"rendered":"<p>El Distrito de Merlo se vio impactado por las intensas tormentas que se desataron desde [&hellip;]<\/p>\n","protected":false},"author":1,"featured_media":12,"comment_status":"closed","ping_status":"closed","sticky":false,"template":"","format":"standard","meta":{"footnotes":""},"categories":[38],"tags":[33,34,35,36,37],"class_list":["post-11","post","type-post","status-publish","format-standard","has-post-thumbnail","hentry","category-sociedad-merlo","tag-bomberos-voluntarios-de-merlo","tag-defensa-civil","tag-intendencia-menendez","tag-merlo","tag-secretaria-de-delegaciones-obras-y-servicios-publicos"],"aioseo_notices":[],"_links":{"self":[{"href":"https:\/\/vozdeloeste.com\/index.php\/wp-json\/wp\/v2\/posts\/11","targetHints":{"allow":["GET"]}}],"collection":[{"href":"https:\/\/vozdeloeste.com\/index.php\/wp-json\/wp\/v2\/posts"}],"about":[{"href":"https:\/\/vozdeloeste.com\/index.php\/wp-json\/wp\/v2\/types\/post"}],"author":[{"embeddable":true,"href":"https:\/\/vozdeloeste.com\/index.php\/wp-json\/wp\/v2\/users\/1"}],"replies":[{"embeddable":true,"href":"https:\/\/vozdeloeste.com\/index.php\/wp-json\/wp\/v2\/comments?post=11"}],"version-history":[{"count":0,"href":"https:\/\/vozdeloeste.com\/index.php\/wp-json\/wp\/v2\/posts\/11\/revisions"}],"wp:featuredmedia":[{"embeddable":true,"href":"https:\/\/vozdeloeste.com\/index.php\/wp-json\/"}],"wp:attachment":[{"href":"https:\/\/vozdeloeste.com\/index.php\/wp-json\/wp\/v2\/media?parent=11"}],"wp:term":[{"taxonomy":"category","embeddable":true,"href":"https:\/\/vozdeloeste.com\/index.php\/wp-json\/wp\/v2\/categories?post=11"},{"taxonomy":"post_tag","embeddable":true,"href":"https:\/\/vozdeloeste.com\/index.php\/wp-json\/wp\/v2\/tags?post=11"}],"curies":[{"name":"wp","href":"https:\/\/api.w.org\/{rel}","templated":true}]}}